{"id":563,"date":"2019-11-05T17:54:29","date_gmt":"2019-11-05T17:54:29","guid":{"rendered":"https:\/\/contaonline.pt\/imobiliaria\/?p=563"},"modified":"2022-12-05T16:33:12","modified_gmt":"2022-12-05T16:33:12","slug":"marcacao-de-ferias-na-sua-imobiliaria-como-se-faz","status":"publish","type":"post","link":"https:\/\/contaonline.pt\/imobiliaria\/marcacao-de-ferias-na-sua-imobiliaria-como-se-faz\/","title":{"rendered":"Marca\u00e7\u00e3o de f\u00e9rias na sua imobili\u00e1ria. Como se faz?"},"content":{"rendered":"<div id=\"dslc-content\" class=\"dslc-content dslc-clearfix\"><div id=\"dslc-header\" class=\"dslc-header-pos-relative \" data-hf >\r\n\t\t\t<div  class=\"dslc-modules-section \" style=\"padding-top:10px;padding-bottom:10px;background-color:rgba(0,0,0,0);border-color:#cd2026;border-width:2px;border-right-style: hidden; border-bottom-style: hidden; border-left-style: hidden; \" data-section-id=\"32865561db0\">\r\n\t\t\t\t<div class=\"dslc-bg-video dslc-force-show\"><div class=\"dslc-bg-video-overlay\" style=\"background-color:#ffffff; opacity:0.7; \"><\/div><\/div>\r\n\t\t\t\t\r\n\t\t\t\t<div class=\"dslc-modules-section-wrapper dslc-clearfix\"><div  class=\"dslc-modules-area dslc-col dslc-3-col dslc-first-col dslc-valign- \" data-size=\"3\" data-valign=\"\" data-modules-area-id=\"\" ><style type=\"text\/css\" id=\"dslca-modules-area-\"><\/style>\r\n\t\t<div id=\"dslc-module-7667b3404be\" class=\"dslc-module-front dslc-module-DSLC_Image dslc-in-viewport-check dslc-in-viewport-anim-none  dslc-col dslc-12-col dslc-last-col  dslc-module-handle-like-regular \" data-module-id=\"7667b3404be\" data-module=\"DSLC_Image\" data-dslc-module-size=\"12\" data-dslc-anim=\"none\" data-dslc-anim-delay=\"\" data-dslc-anim-duration=\"650\"  data-dslc-anim-easing=\"ease\" data-dslc-preset=\"none\" >\r\n\r\n\t\t\t\r\n\t\t\t\r\n\t\t\t\t<div class=\"dslc-image-container\">\r\n\t\t<div class=\"dslc-image\">\r\n\r\n\t\t\t\r\n\t\t\t\t\r\n\t\t\t\t\t\t\t\t\t<a class=\"\" href=\"https:\/\/contaonline.pt\/imobiliaria\" target=\"_self\"  >\r\n\t\t\t\t\t\t\t\t\t<img src=\"https:\/\/contaonline.pt\/imobiliaria\/wp-content\/uploads\/sites\/5\/2018\/06\/logo_contaonline.png\" alt=\"\" title=\"\"   \/>\r\n\t\t\t\t\t\t\t\t\t<\/a>\r\n\t\t\t\t\r\n\t\t\t\t\t\t\t\t\t<\/div><!-- .dslc-image -->\r\n\t\t<\/div>\r\n\t\t\r\n\t\t\t\t<\/div><!-- .dslc-module -->\r\n\t\t<\/div><div  class=\"dslc-modules-area dslc-col dslc-9-col dslc-last-col dslc-valign- \" data-size=\"9\" data-valign=\"\" data-modules-area-id=\"\" ><style type=\"text\/css\" id=\"dslca-modules-area-\"><\/style>\r\n\t\t<div id=\"dslc-module-9908136acc6\" class=\"dslc-module-front dslc-module-DSLC_Navigation dslc-in-viewport-check dslc-in-viewport-anim-none  dslc-col dslc-12-col dslc-last-col  dslc-module-handle-like-regular \" data-module-id=\"9908136acc6\" data-module=\"DSLC_Navigation\" data-dslc-module-size=\"12\" data-dslc-anim=\"none\" data-dslc-anim-delay=\"0\" data-dslc-anim-duration=\"650\"  data-dslc-anim-easing=\"default\" data-dslc-preset=\"none\" >\r\n\r\n\t\t\t\r\n\t\t\t\r\n\t\t\t\t\t<div class=\"dslc-navigation dslc-navigation-sub-position-default dslc-navigation-res-t-enabled dslc-navigation-res-p-enabled dslc-navigation-orientation-horizontal\">\n\t\t\t\t<div class=\"dslc-navigation-inner\">\n\t\t\t\t\t<div class=\"menu-cabecalho-container\"><ul id=\"menu-cabecalho\" class=\"menu\"><li id=\"menu-item-1004\" class=\"menu-item menu-item-type-custom menu-item-object-custom menu-item-home menu-item-1004\"><a href=\"https:\/\/contaonline.pt\/imobiliaria\/\">In\u00edcio<\/a><\/li>\n<li id=\"menu-item-702\" class=\"menu-item menu-item-type-post_type menu-item-object-page menu-item-702\"><a href=\"https:\/\/contaonline.pt\/imobiliaria\/abrir-imobiliaria\/\">Abrir Imobili\u00e1ria<\/a><\/li>\n<li id=\"menu-item-701\" class=\"menu-item menu-item-type-post_type menu-item-object-page menu-item-701\"><a href=\"https:\/\/contaonline.pt\/imobiliaria\/mudar-contabilidade-digital\/\">Mudar<\/a><\/li>\n<li id=\"menu-item-700\" class=\"menu-item menu-item-type-post_type menu-item-object-page menu-item-700\"><a href=\"https:\/\/contaonline.pt\/imobiliaria\/artigos-abrir-imobiliaria-contaonline-contabilidade\/\">Blog<\/a><\/li>\n<li id=\"menu-item-698\" class=\"menu-item menu-item-type-post_type menu-item-object-page menu-item-698\"><a href=\"https:\/\/contaonline.pt\/imobiliaria\/recrutamento\/\">Recrutamento<\/a><\/li>\n<li id=\"menu-item-699\" class=\"menu-item menu-item-type-post_type menu-item-object-page menu-item-699\"><a href=\"https:\/\/contaonline.pt\/imobiliaria\/contato\/\">Contato<\/a><\/li>\n<\/ul><\/div>\n\t\t\t\t\t\t\t\t\t<\/div>\n\t\t\t<\/div>\n\t\t\t<div class=\"dslc-mobile-navigation dslc-navigation-res-t-enabled  dslc-navigation-res-p-enabled\">\n\t\t\t\t<select><option>- Select -<\/option><option value=\"https:\/\/contaonline.pt\/imobiliaria\/\" >In\u00edcio<\/option><option value=\"https:\/\/contaonline.pt\/imobiliaria\/abrir-imobiliaria\/\" >Abrir Imobili\u00e1ria<\/option><option value=\"https:\/\/contaonline.pt\/imobiliaria\/mudar-contabilidade-digital\/\" >Mudar<\/option><option value=\"https:\/\/contaonline.pt\/imobiliaria\/artigos-abrir-imobiliaria-contaonline-contabilidade\/\" >Blog<\/option><option value=\"https:\/\/contaonline.pt\/imobiliaria\/recrutamento\/\" >Recrutamento<\/option><option value=\"https:\/\/contaonline.pt\/imobiliaria\/contato\/\" >Contato<\/option><\/select>\n\t\t\t\t<div class=\"dslc-mobile-navigation-hook\"><span class=\"dslc-icon dslc-icon-reorder\"><\/span><\/div>\n\t\t\t<\/div><!-- .dslc-mobile-navigation -->\n\n\t\t\t\n\t\t\t<script type=\"text\/javascript\">\n\t\t\t\tvar menuItems = document.querySelectorAll( '.dslc-navigation .menu > li.menu-item-has-children:not(.menu-with-arrow) > a' );\n\n\t\t\t\tfor (var i = 0, len = menuItems.length; i < len; i++) {\n\t\t\t\t  menuItems[i].insertAdjacentHTML('afterend', '<span class=\"dslc-navigation-arrow dslc-icon dslc-icon-chevron-down\"><\/span>');\n\t\t\t\t  menuItems[i].parentElement.className += \" menu-with-arrow\";\n\t\t\t\t}\n\t\t\t<\/script>\n\t\t\t\r\n\t\t\t\t<\/div><!-- .dslc-module -->\r\n\t\t<\/div><\/div><\/div><\/div><div id=\"dslc-main\">\r\n\t\t\t<div  class=\"dslc-modules-section \" style=\"padding-top:20px;padding-bottom:20px;\" data-section-id=\"032ece486bc\">\r\n\t\t\t\t\r\n\t\t\t\t\r\n\t\t\t\t<div class=\"dslc-modules-section-wrapper dslc-clearfix\"><div  class=\"dslc-modules-area dslc-col dslc-12-col dslc-last-col dslc-valign- \" data-size=\"12\" data-valign=\"\" data-modules-area-id=\"\" ><style type=\"text\/css\" id=\"dslca-modules-area-\"><\/style>\r\n\t\t<div id=\"dslc-module-ec9aefbda95\" class=\"dslc-module-front dslc-module-DSLC_TP_Title dslc-in-viewport-check dslc-in-viewport-anim-none  dslc-col dslc-12-col dslc-last-col  dslc-module-handle-like-regular \" data-module-id=\"ec9aefbda95\" data-module=\"DSLC_TP_Title\" data-dslc-module-size=\"12\" data-dslc-anim=\"none\" data-dslc-anim-delay=\"\" data-dslc-anim-duration=\"650\"  data-dslc-anim-easing=\"ease\" data-dslc-preset=\"none\" >\r\n\r\n\t\t\t\r\n\t\t\t\r\n\t\t\r\n\t<div class=\"dslc-tp-title\">\r\n\t\t\t\t\t<div class=\"dslc-tp-title\"><h1>Marca\u00e7\u00e3o de f\u00e9rias na sua imobili\u00e1ria. Como se faz?<\/h1><\/div>\r\n\t\t\t<\/div>\r\n\r\n\t\r\n\t\t\t\t<\/div><!-- .dslc-module -->\r\n\t\t\r\n\t\t<div id=\"dslc-module-0fb9f19550e\" class=\"dslc-module-front dslc-module-DSLC_TP_Excerpt dslc-in-viewport-check dslc-in-viewport-anim-none  dslc-col dslc-12-col dslc-last-col  dslc-module-handle-like-regular \" data-module-id=\"0fb9f19550e\" data-module=\"DSLC_TP_Excerpt\" data-dslc-module-size=\"12\" data-dslc-anim=\"none\" data-dslc-anim-delay=\"\" data-dslc-anim-duration=\"650\"  data-dslc-anim-easing=\"ease\" data-dslc-preset=\"none\" >\r\n\r\n\t\t\t\r\n\t\t\t\r\n\t\t\r\n\t\t\t\t<\/div><!-- .dslc-module -->\r\n\t\t<\/div><\/div><\/div>\r\n\t\t\t<div  class=\"dslc-modules-section \" style=\"padding-top:20px;padding-bottom:20px;background-color:rgba(230, 230, 230, 0);border-color:rgb(230, 230, 230);border-width:1px;border-right-style: hidden; border-bottom-style: hidden; border-left-style: hidden; \" data-section-id=\"3c80b6d6bc1\">\r\n\t\t\t\t\r\n\t\t\t\t\r\n\t\t\t\t<div class=\"dslc-modules-section-wrapper dslc-clearfix\"><div  class=\"dslc-modules-area dslc-col dslc-8-col dslc-first-col dslc-valign- \" data-size=\"8\" data-valign=\"\" data-modules-area-id=\"\" ><style type=\"text\/css\" id=\"dslca-modules-area-\"><\/style>\r\n\t\t<div id=\"dslc-module-8f10769f814\" class=\"dslc-module-front dslc-module-DSLC_TP_Meta dslc-in-viewport-check dslc-in-viewport-anim-none  dslc-col dslc-12-col dslc-last-col  dslc-module-handle-like-regular \" data-module-id=\"8f10769f814\" data-module=\"DSLC_TP_Meta\" data-dslc-module-size=\"12\" data-dslc-anim=\"none\" data-dslc-anim-delay=\"\" data-dslc-anim-duration=\"650\"  data-dslc-anim-easing=\"ease\" data-dslc-preset=\"none\" >\r\n\r\n\t\t\t\r\n\t\t\t\r\n\t\t\r\n\t\t\t\t<div class=\"dslc-tp-meta dslc-tp-meta-horizontal\">\r\n\t\t\t\t\t<ul class=\"dslc-clearfix\">\r\n\r\n\t\t\t\t\t\t\t\t\t\t\t\t\t<li>5 Novembro, 2019<\/li>\r\n\t\t\t\t\t\t\r\n\t\t\t\t\t\t\r\n\t\t\t\t\t\t\t\t\t\t\t\t\t\t\t\t\t\t\t\t\t<li><a href=\"https:\/\/contaonline.pt\/imobiliaria\/category\/abrir-imobiliaria\/\">Abrir imobili\u00e1ria<\/a><\/li>\t\t\t\t\t\t\t\t\t\t\t\t\t\r\n\t\t\t\t\t\t\r\n\t\t\t\t\t\t\r\n\t\t\t\t\t<\/ul>\r\n\t\t\t\t<\/div>\r\n\r\n\t\t\t\r\n\t\t\t\t<\/div><!-- .dslc-module -->\r\n\t\t\r\n\t\t<div id=\"dslc-module-6dd53aefb66\" class=\"dslc-module-front dslc-module-DSLC_TP_Content dslc-in-viewport-check dslc-in-viewport-anim-none  dslc-col dslc-12-col dslc-last-col  dslc-module-handle-like-regular \" data-module-id=\"6dd53aefb66\" data-module=\"DSLC_TP_Content\" data-dslc-module-size=\"12\" data-dslc-anim=\"none\" data-dslc-anim-delay=\"\" data-dslc-anim-duration=\"650\"  data-dslc-anim-easing=\"ease\" data-dslc-preset=\"none\" >\r\n\r\n\t\t\t\r\n\t\t\t\r\n\t\t\t\t<div class=\"dslc-tp-content\">\r\n\t\t\t\n<h2>Quantos funcion\u00e1rios tem a sua imobili\u00e1ria?\u00a0<\/h2>\n<p>Ser\u00e1 que conhece os recursos humanos da sua imobili\u00e1ria? \u00c9 frequente ver nas redes sociais, fotos de equipas, que mais parecem aut\u00eanticas f\u00e1bricas. Ser\u00e1 que s\u00e3o todos funcion\u00e1rios? Claro que n\u00e3o. Funcion\u00e1rios, s\u00e3o s\u00f3 aqueles que t\u00eam contrato de trabalho com a sua imobili\u00e1ria.\u00a0<\/p>\n<h3>Como fazer a marca\u00e7\u00e3o das f\u00e9rias?<\/h3>\n<p>Afinal as imobili\u00e1rias n\u00e3o t\u00eam assim tanta gente que complique a marca\u00e7\u00e3o de f\u00e9rias.<\/p>\n<p>O maior problema que temos registado com os nossos clientes, prende-se com o per\u00edodo escolhido pelos funcion\u00e1rios. Normalmente todos querem ir de f\u00e9rias na \u00e9poca quente de ver\u00e3o e como as empresas n\u00e3o fecham tem sempre que existir acordo entre todos, na hora de marcar as f\u00e9rias.<\/p>\n<h6>10 t\u00f3picos que deve saber para evitar conflitos na marca\u00e7\u00e3o de f\u00e9rias dos seus funcion\u00e1rios:<\/h6>\n<ol>\n<li>O per\u00edodo de f\u00e9rias \u00e9 marcado sempre por acordo entre trabalhador e empregador;<\/li>\n<li>Na falta de acordo, cabe ao empregador esta tarefa ouvindo para o efeito a comiss\u00e3o de trabalhadores ou, na sua falta, a comiss\u00e3o intersindical ou a comiss\u00e3o sindical representativa do trabalhador interessado;<\/li>\n<li>O funcion\u00e1rio tem direito a 22 dias \u00fateis de f\u00e9rias por ano. No in\u00edcio de contrato e ap\u00f3s seis meses de trabalho, passa a ter direito a 2 dias \u00fateis por cada m\u00eas de trabalho;<\/li>\n<li>Os per\u00edodos mais pretendidos para f\u00e9rias, devem ser repartidos proporcionalmente entre os trabalhadores;<\/li>\n<li>Um casal que trabalhe na mesma imobili\u00e1ria, t\u00eam direito a gozar f\u00e9rias (juntos) no mesmo per\u00edodo, se tal situa\u00e7\u00e3o n\u00e3o provocar nenhum problema ou preju\u00edzo grave para a empresa;<\/li>\n<li>A marca\u00e7\u00e3o de f\u00e9rias devem \u00e9 feita entre 1 de maio e 31 de outubro nas pequenas, m\u00e9dias e grandes empresas, e entre 1 de janeiro e 31 de dezembro quando se tratar de microentidades;<\/li>\n<li>O in\u00edcio das f\u00e9rias nunca pode ser num dia de descanso ou folga do trabalhador;<\/li>\n<li>O trabalhador tem direito a um m\u00ednimo de 10 dias \u00fateis consecutivos em cada per\u00edodo de f\u00e9rias marcado;<\/li>\n<li>Por doen\u00e7a do trabalhador, o gozo das f\u00e9rias \u00e9 suspenso, sendo os dias n\u00e3o gozados pelo impedimento, remarcados;<\/li>\n<li>\u00a0Quando existir a cessa\u00e7\u00e3o do contrato de trabalho com aviso pr\u00e9vio, o patr\u00e3o pode exigir que o gozo das f\u00e9rias tenha lugar imediatamente antes da cessa\u00e7\u00e3o.<\/li>\n<\/ol>\n<h2>Lembre-se, alguns n\u00e3o s\u00e3o funcion\u00e1rios!<\/h2>\n<p>Os <a href=\"https:\/\/contaonline.pt\/imobiliaria\/consultor-imobiliario-independente-e-sociedade-unipessoal\/\" target=\"_blank\" rel=\"noopener noreferrer\">consultores ou agentes imobili\u00e1rios<\/a>, n\u00e3o s\u00e3o funcion\u00e1rios das imobili\u00e1rias. Normalmente, eles est\u00e3o vinculados atrav\u00e9s de um contrato de presta\u00e7\u00e3o de servi\u00e7os, tornando-se completamente independentes da imobili\u00e1ria, logo, n\u00e3o t\u00eam que constar em nenhum mapa de f\u00e9rias, nem o gerente ou broker da imobili\u00e1ria pode exigir nada deles nesse sentido. S\u00e3o livres e pode fazer as f\u00e9rias que e quando entenderem.<\/p>\n\t\t<\/div>\r\n\t\t\r\n\t\t\t\t<\/div><!-- .dslc-module -->\r\n\t\t\r\n\t\t<div id=\"dslc-module-9dd818ed500\" class=\"dslc-module-front dslc-module-DSLC_TP_Comments dslc-in-viewport-check dslc-in-viewport-anim-none  dslc-col dslc-12-col dslc-last-col  dslc-module-handle-like-regular \" data-module-id=\"9dd818ed500\" data-module=\"DSLC_TP_Comments\" data-dslc-module-size=\"12\" data-dslc-anim=\"none\" data-dslc-anim-delay=\"\" data-dslc-anim-duration=\"650\"  data-dslc-anim-easing=\"ease\" data-dslc-preset=\"none\" >\r\n\r\n\t\t\t\r\n\t\t\t\r\n\t\t\t\t\r\n\t\t\t<div class=\"dslc-tp-comments\" id=\"comments\">\r\n\r\n\t\t\t\t\r\n\t\t\t\t\t\r\n\t\t\t\t\t\t\r\n\t\t\t\t\t\t\r\n\t\t\t\t\t\t<ol class=\"comments clean-list\">\r\n\t\t\t\t\t\t\t\t\t\t\t\t\t<\/ol><!-- .commentlist -->\r\n\r\n\t\t\t\t\t\t\r\n\t\t\t\t\t\r\n\t\t\t\t\t\r\n\t\t\t\t\r\n\t\t\t<\/div><!-- dslc-tp-comments -->\r\n\r\n\t\t\r\n\t\r\n\t\t\t\t<\/div><!-- .dslc-module -->\r\n\t\t\r\n\t\t<div id=\"dslc-module-330ad314f3a\" class=\"dslc-module-front dslc-module-DSLC_TP_Comments_Form dslc-in-viewport-check dslc-in-viewport-anim-none  dslc-col dslc-12-col dslc-last-col  dslc-module-handle-like-regular \" data-module-id=\"330ad314f3a\" data-module=\"DSLC_TP_Comments_Form\" data-dslc-module-size=\"12\" data-dslc-anim=\"none\" data-dslc-anim-delay=\"\" data-dslc-anim-duration=\"650\"  data-dslc-anim-easing=\"ease\" data-dslc-preset=\"none\" >\r\n\r\n\t\t\t\r\n\t\t\t\r\n\t\t\t\t\r\n\t\t<div class=\"dslc-tp-comment-form\">\r\n\r\n\t\t\t\t<div id=\"respond\" class=\"comment-respond\">\n\t\t<h3 id=\"reply-title\" class=\"comment-reply-title\">Gostaste? Deixa-nos a tua opini\u00e3o  <small><a rel=\"nofollow\" id=\"cancel-comment-reply-link\" href=\"\/imobiliaria\/wp-json\/wp\/v2\/posts\/563#respond\" style=\"display:none;\">cancel<\/a><\/small><\/h3><form action=\"https:\/\/contaonline.pt\/imobiliaria\/wp-comments-post.php\" method=\"post\" id=\"commentform\" class=\"comment-form\" novalidate><div class=\"comment-form-name\"><input id=\"author\" name=\"author\" type=text value=\"\" size=\"30\" placeholder=\"Nome *\" aria-required=\"true\" \/><\/div>\n<div class=\"comment-form-email\"><input id=\"email\" name=\"email\" type=text value=\"\" size=\"30\" placeholder=\"Email *\" aria-required=\"true\" \/><\/div>\n<div class=\"comment-form-website\"><input id=\"url\" name=\"url\" type=text value=\"\" size=\"30\" placeholder=\"Site\" \/><\/div>\n<div class=\"comment-form-comment\"><textarea id=\"comment\" name=\"comment\" placeholder=\"Escreve aqui o teu coment\u00e1rio\" aria-required=\"true\"><\/textarea><\/div><p class=\"comment-form-cookies-consent\"><input id=\"wp-comment-cookies-consent\" name=\"wp-comment-cookies-consent\" type=\"checkbox\" value=\"yes\" \/><label for=\"wp-comment-cookies-consent\">Save my name, email, and website in this browser for the next time I comment.<\/label><\/p>\n<p class=\"form-submit\"><input name=\"submit\" type=\"submit\" id=\"submit\" class=\"submit\" value=\"Enviar Coment\u00e1rio\" \/> <input type='hidden' name='comment_post_ID' value='563' id='comment_post_ID' \/>\n<input type='hidden' name='comment_parent' id='comment_parent' value='0' \/>\n<\/p><p style=\"display: none;\"><input type=\"hidden\" id=\"akismet_comment_nonce\" name=\"akismet_comment_nonce\" value=\"f35d45c100\" \/><\/p><p style=\"display: none !important;\" class=\"akismet-fields-container\" data-prefix=\"ak_\"><label>&#916;<textarea name=\"ak_hp_textarea\" cols=\"45\" rows=\"8\" maxlength=\"100\"><\/textarea><\/label><input type=\"hidden\" id=\"ak_js_1\" name=\"ak_js\" value=\"114\"\/><script type=\"text\/javascript\">\n\/* <![CDATA[ *\/\ndocument.getElementById( \"ak_js_1\" ).setAttribute( \"value\", ( new Date() ).getTime() );\n\/* ]]> *\/\n<\/script>\n<\/p><\/form>\t<\/div><!-- #respond -->\n\t\r\n\t\t<\/div><!-- dslc-tp-comment-form -->\r\n\r\n\t\t\t\t<style type=\"text\/css\">\r\n\t\t\t.dslc-tp-comment-form input[type=text]::-moz-placeholder, .dslc-tp-comment-form input[type=url]::-moz-placeholder, .dslc-tp-comment-form input[type=email]::-moz-placeholder, .dslc-tp-comment-form textarea::-moz-placeholder {\r\n\t\t\t\tcolor: #4d4d4d;\r\n\t\t\t}\r\n\t\t\t.dslc-tp-comment-form input[type=text]::-webkit-input-placeholder, .dslc-tp-comment-form input[type=url]::-webkit-input-placeholder, .dslc-tp-comment-form input[type=email]::-webkit-input-placeholder, .dslc-tp-comment-form textarea::-webkit-input-placeholder {\r\n\t\t\t\tcolor: #4d4d4d;\r\n\t\t\t}\r\n\t\t\t.dslc-tp-comment-form input[type=text]:-ms-input-placeholder, .dslc-tp-comment-form input[type=url]:-ms-input-placeholder, .dslc-tp-comment-form input[type=email]:-ms-input-placeholder, .dslc-tp-comment-form textarea:-ms-input-placeholder {\r\n\t\t\t\tcolor: #4d4d4d;\r\n\t\t\t}\r\n\t\t<\/style>\r\n\t\t\r\n\t\r\n\t\t\t\t<\/div><!-- .dslc-module -->\r\n\t\t<\/div><div  class=\"dslc-modules-area dslc-col dslc-4-col dslc-last-col dslc-valign- \" data-size=\"4\" data-valign=\"\" data-modules-area-id=\"\" ><style type=\"text\/css\" id=\"dslca-modules-area-\"><\/style>\r\n\t\t<div id=\"dslc-module-3dcc6b25c61\" class=\"dslc-module-front dslc-module-DSLC_Separator dslc-in-viewport-check dslc-in-viewport-anim-none  dslc-col dslc-12-col dslc-last-col dslc-hide-on-phone  dslc-module-handle-like-regular \" data-module-id=\"3dcc6b25c61\" data-module=\"DSLC_Separator\" data-dslc-module-size=\"12\" data-dslc-anim=\"none\" data-dslc-anim-delay=\"\" data-dslc-anim-duration=\"650\"  data-dslc-anim-easing=\"ease\" data-dslc-preset=\"none\" >\r\n\r\n\t\t\t\r\n\t\t\t\r\n\t\t\t\t\t<div class=\"dslc-separator-wrapper\">\n\t\t\t\t<div class=\"dslc-separator dslc-separator-style-invisible\">\n\t\t\t\t\t\t\t\t\t<\/div>\n\t\t\t\t<div><\/div>\n\t\t\t<\/div><!-- .dslc-separator-wrapper -->\n\t\t\t\r\n\t\t\t\t<\/div><!-- .dslc-module -->\r\n\t\t\r\n\t\t<div id=\"dslc-module-53b465bcc63\" class=\"dslc-module-front dslc-module-DSLC_Text_Simple dslc-in-viewport-check dslc-in-viewport-anim-none  dslc-col dslc-12-col dslc-last-col  dslc-module-handle-like-regular \" data-module-id=\"53b465bcc63\" data-module=\"DSLC_Text_Simple\" data-dslc-module-size=\"12\" data-dslc-anim=\"none\" data-dslc-anim-delay=\"\" data-dslc-anim-duration=\"650\"  data-dslc-anim-easing=\"ease\" data-dslc-preset=\"none\" >\r\n\r\n\t\t\t\r\n\t\t\t\r\n\t\t\n\t\t<div class=\"dslc-text-module-content\">\n\t\t\t<h2><span style=\"color: #000000;\">Vais abrir uma<\/span><span style=\"color: #000000;\">\u00a0<\/span><span style=\"color: #ff0000;\">Imobili\u00e1ria <span style=\"color: #000000;\">?<\/span><\/span><\/h2><p><strong>Come\u00e7a o teu neg\u00f3cio sem erros<\/strong>.<\/p><p>Queremos ajudar-te desde o primeiro momento.<\/p><p><strong>Vamos falar?<\/strong><\/p>\t\t<\/div>\n\n\t\t\r\n\t\t\t\t<\/div><!-- .dslc-module -->\r\n\t\t\r\n\t\t<div id=\"dslc-module-572b3f242f1\" class=\"dslc-module-front dslc-module-DSLC_Button dslc-in-viewport-check dslc-in-viewport-anim-none  dslc-col dslc-12-col dslc-last-col  dslc-module-handle-like-regular \" data-module-id=\"572b3f242f1\" data-module=\"DSLC_Button\" data-dslc-module-size=\"12\" data-dslc-anim=\"none\" data-dslc-anim-delay=\"\" data-dslc-anim-duration=\"650\"  data-dslc-anim-easing=\"ease\" data-dslc-preset=\"none\" >\r\n\r\n\t\t\t\r\n\t\t\t\r\n\t\t\r\n\t\t\t<div class=\"dslc-button\">\r\n\t\t\t\t\t\t\t\t\t<a href=\"https:\/\/contaonline.pt\/imobiliaria\/proposta\/\" target=\"_self\"  onClick=\"\" class=\"\">\r\n\t\t\t\t\t\t\t\t\t\t\t\t\t\t\t\t\t\t\t\t\t<span class=\"dslc-icon dslc-icon-hand-pointer-o\"><\/span>\t\r\n\t\t\t\t\t\t\t\t\t\t\t\t\t\t\t\t\t\t\t\t\t\t\t\t\t\t<span>SOLICITAR PROPOSTA<\/span>\r\n\t\t\t\t\t\t\t\t\t\t\t\t\t\t\t\t\t<\/a>\r\n\t\t\t\t\t\t\t<\/div><!-- .dslc-button -->\r\n\r\n\r\n\t\t\t\t\t\t\r\n\t\t\t\t<\/div><!-- .dslc-module -->\r\n\t\t\r\n\t\t<div id=\"dslc-module-6e71fb83e2c\" class=\"dslc-module-front dslc-module-DSLC_Separator dslc-in-viewport-check dslc-in-viewport-anim-none  dslc-col dslc-12-col dslc-last-col dslc-hide-on-phone  dslc-module-handle-like-regular \" data-module-id=\"6e71fb83e2c\" data-module=\"DSLC_Separator\" data-dslc-module-size=\"12\" data-dslc-anim=\"none\" data-dslc-anim-delay=\"\" data-dslc-anim-duration=\"650\"  data-dslc-anim-easing=\"ease\" data-dslc-preset=\"none\" >\r\n\r\n\t\t\t\r\n\t\t\t\r\n\t\t\t\t\t<div class=\"dslc-separator-wrapper\">\n\t\t\t\t<div class=\"dslc-separator dslc-separator-style-invisible\">\n\t\t\t\t\t\t\t\t\t<\/div>\n\t\t\t\t<div><\/div>\n\t\t\t<\/div><!-- .dslc-separator-wrapper -->\n\t\t\t\r\n\t\t\t\t<\/div><!-- .dslc-module -->\r\n\t\t\r\n\t\t<div id=\"dslc-module-c5e12a500a3\" class=\"dslc-module-front dslc-module-DSLC_Text_Simple dslc-in-viewport-check dslc-in-viewport-anim-none  dslc-col dslc-12-col dslc-last-col  dslc-module-handle-like-regular \" data-module-id=\"c5e12a500a3\" data-module=\"DSLC_Text_Simple\" data-dslc-module-size=\"12\" data-dslc-anim=\"none\" data-dslc-anim-delay=\"\" data-dslc-anim-duration=\"650\"  data-dslc-anim-easing=\"ease\" data-dslc-preset=\"none\" >\r\n\r\n\t\t\t\r\n\t\t\t\r\n\t\t\n\t\t<div class=\"dslc-text-module-content\">\n\t\t\t<p>Artigos Recentes<\/p>\t\t<\/div>\n\n\t\t\r\n\t\t\t\t<\/div><!-- .dslc-module -->\r\n\t\t\r\n\t\t<div id=\"dslc-module-c79837ef781\" class=\"dslc-module-front dslc-module-DSLC_Widgets dslc-in-viewport-check dslc-in-viewport-anim-none  dslc-col dslc-12-col dslc-last-col dslc-hide-on-phone  dslc-module-handle-like-regular \" data-module-id=\"c79837ef781\" data-module=\"DSLC_Widgets\" data-dslc-module-size=\"12\" data-dslc-anim=\"none\" data-dslc-anim-delay=\"\" data-dslc-anim-duration=\"650\"  data-dslc-anim-easing=\"ease\" data-dslc-preset=\"none\" >\r\n\r\n\t\t\t\r\n\t\t\t\r\n\t\t\t\t\t<div class=\"dslc-widgets dslc-clearfix dslc-widgets-12-col\">\n\t\t\t\t<div class=\"dslc-widgets-wrap dslc-clearfix\">\n\t\t\t\t\t<div id=\"block-6\" class=\"dslc-widget dslc-col widget_block widget_recent_entries\"><div class=\"dslc-widget-wrap\"><ul class=\"wp-block-latest-posts__list wp-block-latest-posts\"><li><a class=\"wp-block-latest-posts__post-title\" href=\"https:\/\/contaonline.pt\/imobiliaria\/contrato-de-mediacao-imobiliaria-minuta\/\">Contrato de media\u00e7\u00e3o imobili\u00e1ria - minuta!<\/a><\/li>\n<li><a class=\"wp-block-latest-posts__post-title\" href=\"https:\/\/contaonline.pt\/imobiliaria\/manutencao-licenca-ami\/\">Manuten\u00e7\u00e3o Licen\u00e7a AMI<\/a><\/li>\n<li><a class=\"wp-block-latest-posts__post-title\" href=\"https:\/\/contaonline.pt\/imobiliaria\/licenca-ami\/\">Licen\u00e7a AMI<\/a><\/li>\n<li><a class=\"wp-block-latest-posts__post-title\" href=\"https:\/\/contaonline.pt\/imobiliaria\/o-franchising-imobiliario-como-modelo-de-negocio\/\">O franchising imobili\u00e1rio como modelo de neg\u00f3cio<\/a><\/li>\n<li><a class=\"wp-block-latest-posts__post-title\" href=\"https:\/\/contaonline.pt\/imobiliaria\/agente-imobiliario-o-que-faz\/\">Agente imobili\u00e1rio, o que faz?<\/a><\/li>\n<li><a class=\"wp-block-latest-posts__post-title\" href=\"https:\/\/contaonline.pt\/imobiliaria\/consultar-licenca-ami\/\">Consultar licen\u00e7a AMI<\/a><\/li>\n<li><a class=\"wp-block-latest-posts__post-title\" href=\"https:\/\/contaonline.pt\/imobiliaria\/sera-que-a-mediacao-imobiliaria-se-vai-manter-com-esta\/\">Ser\u00e1 que a media\u00e7\u00e3o imobili\u00e1ria se vai manter como est\u00e1?<\/a><\/li>\n<li><a class=\"wp-block-latest-posts__post-title\" href=\"https:\/\/contaonline.pt\/imobiliaria\/mediacao-imobiliaria-ao-rubro-em-2022\/\">Media\u00e7\u00e3o imobili\u00e1ria ao rubro em 2022<\/a><\/li>\n<\/ul><\/div><\/div>\t\t\t\t<\/div>\n\t\t\t<\/div>\n\t\t\r\n\t\t\t\t<\/div><!-- .dslc-module -->\r\n\t\t<\/div><\/div><\/div><\/div><input type=\"hidden\" id=\"dslca-post-data-thumb\" value=\"https:\/\/contaonline.pt\/imobiliaria\/wp-content\/uploads\/sites\/5\/2019\/11\/marca\u00e7\u00e3o-de-f\u00e9rias-contaonline-imobili\u00e1ria.jpg\" \/><div id=\"dslc-footer\" class=\"dslc-footer-pos-relative \" data-hf >\r\n\t\t\t<div  class=\"dslc-modules-section \" style=\"padding-top:20px;padding-bottom:20px;\" data-section-id=\"960276704a6\">\r\n\t\t\t\t<div class=\"dslc-bg-video dslc-force-show\"><div class=\"dslc-bg-video-overlay\" style=\"background-color:rgba(22,219,15,0.3); opacity:1; \"><\/div><\/div>\r\n\t\t\t\t\r\n\t\t\t\t<div class=\"dslc-modules-section-wrapper dslc-clearfix\"><div  class=\"dslc-modules-area dslc-col dslc-3-col dslc-first-col dslc-valign- \" data-size=\"3\" data-valign=\"\" data-modules-area-id=\"\" ><style type=\"text\/css\" id=\"dslca-modules-area-\"><\/style>\r\n\t\t<div id=\"dslc-module-83636a12d79\" class=\"dslc-module-front dslc-module-DSLC_Image dslc-in-viewport-check dslc-in-viewport-anim-none  dslc-col dslc-12-col dslc-last-col  dslc-module-handle-like-regular \" data-module-id=\"83636a12d79\" data-module=\"DSLC_Image\" data-dslc-module-size=\"12\" data-dslc-anim=\"none\" data-dslc-anim-delay=\"\" data-dslc-anim-duration=\"650\"  data-dslc-anim-easing=\"ease\" data-dslc-preset=\"none\" >\r\n\r\n\t\t\t\r\n\t\t\t\r\n\t\t\t\t<div class=\"dslc-image-container\">\r\n\t\t<div class=\"dslc-image\">\r\n\r\n\t\t\t\r\n\t\t\t\t\r\n\t\t\t\t\t\t\t\t\t<img src=\"https:\/\/contaonline.pt\/imobiliaria\/wp-content\/uploads\/sites\/5\/2022\/09\/Contabilidade-economia-verde-ContaOnline-4x3-1.png\" alt=\"\" title=\"\"   \/>\r\n\t\t\t\t\r\n\t\t\t\t\t\t\t\t\t<\/div><!-- .dslc-image -->\r\n\t\t<\/div>\r\n\t\t\r\n\t\t\t\t<\/div><!-- .dslc-module -->\r\n\t\t<\/div><div  class=\"dslc-modules-area dslc-col dslc-9-col dslc-last-col dslc-valign- \" data-size=\"9\" data-valign=\"\" data-modules-area-id=\"\" ><style type=\"text\/css\" id=\"dslca-modules-area-\"><\/style>\r\n\t\t<div id=\"dslc-module-ed0b750205b\" class=\"dslc-module-front dslc-module-DSLC_Separator dslc-in-viewport-check dslc-in-viewport-anim-none  dslc-col dslc-12-col dslc-last-col dslc-hide-on-tablet dslc-hide-on-phone  dslc-module-handle-like-regular \" data-module-id=\"ed0b750205b\" data-module=\"DSLC_Separator\" data-dslc-module-size=\"12\" data-dslc-anim=\"none\" data-dslc-anim-delay=\"\" data-dslc-anim-duration=\"650\"  data-dslc-anim-easing=\"ease\" data-dslc-preset=\"none\" >\r\n\r\n\t\t\t\r\n\t\t\t\r\n\t\t\t\t\t<div class=\"dslc-separator-wrapper\">\n\t\t\t\t<div class=\"dslc-separator dslc-separator-style-invisible\">\n\t\t\t\t\t\t\t\t\t<\/div>\n\t\t\t\t<div><\/div>\n\t\t\t<\/div><!-- .dslc-separator-wrapper -->\n\t\t\t\r\n\t\t\t\t<\/div><!-- .dslc-module -->\r\n\t\t\r\n\t\t<div id=\"dslc-module-422af38841e\" class=\"dslc-module-front dslc-module-DSLC_Text_Simple dslc-in-viewport-check dslc-in-viewport-anim-none  dslc-col dslc-12-col dslc-last-col  dslc-module-handle-like-regular \" data-module-id=\"422af38841e\" data-module=\"DSLC_Text_Simple\" data-dslc-module-size=\"12\" data-dslc-anim=\"none\" data-dslc-anim-delay=\"\" data-dslc-anim-duration=\"650\"  data-dslc-anim-easing=\"ease\" data-dslc-preset=\"none\" >\r\n\r\n\t\t\t\r\n\t\t\t\r\n\t\t\n\t\t<div class=\"dslc-text-module-content\">\n\t\t\t<h1 style=\"text-align: center;\">SOMOS VERDES<\/h1><p style=\"text-align: center;\">contabilidade sem papel, sem desloca\u00e7\u00f5es, amiga do ambiente<\/p>\t\t<\/div>\n\n\t\t\r\n\t\t\t\t<\/div><!-- .dslc-module -->\r\n\t\t<\/div><\/div><\/div>\r\n\t\t\t<div  class=\"dslc-modules-section \" style=\"\" data-section-id=\"6f46eec4e79\">\r\n\t\t\t\t<div class=\"dslc-bg-video dslc-force-show\"><div class=\"dslc-bg-video-overlay\" style=\"background-color:#000000; opacity:1; \"><\/div><\/div>\r\n\t\t\t\t\r\n\t\t\t\t<div class=\"dslc-modules-section-wrapper dslc-clearfix\"><div  class=\"dslc-modules-area dslc-col dslc-6-col dslc-first-col dslc-valign- \" data-size=\"6\" data-valign=\"\" data-modules-area-id=\"\" ><style type=\"text\/css\" id=\"dslca-modules-area-\"><\/style>\r\n\t\t<div id=\"dslc-module-c1cc620e22b\" class=\"dslc-module-front dslc-module-DSLC_Text_Simple dslc-in-viewport-check dslc-in-viewport-anim-none  dslc-col dslc-12-col dslc-last-col  dslc-module-handle-like-regular \" data-module-id=\"c1cc620e22b\" data-module=\"DSLC_Text_Simple\" data-dslc-module-size=\"12\" data-dslc-anim=\"none\" data-dslc-anim-delay=\"\" data-dslc-anim-duration=\"650\"  data-dslc-anim-easing=\"ease\" data-dslc-preset=\"none\" >\r\n\r\n\t\t\t\r\n\t\t\t\r\n\t\t\n\t\t<div class=\"dslc-text-module-content\">\n\t\t\t<p><strong>Conta<span style=\"color: #ff0000;\">Online<\/span><\/strong> - contabilidade digital para a tua Imobili\u00e1ria. Atendemos \u00e1 dist\u00e2ncia, 100% online, sem papel, sempre com um acompanhamento por contabilista certificado. Contamos com 20 anos ao servi\u00e7os das empresas de <strong>media\u00e7\u00e3o imobili\u00e1ria<\/strong>.<\/p>\t\t<\/div>\n\n\t\t\r\n\t\t\t\t<\/div><!-- .dslc-module -->\r\n\t\t\r\n\t\t<div id=\"dslc-module-3443e5c3078\" class=\"dslc-module-front dslc-module-DSLC_Social dslc-in-viewport-check dslc-in-viewport-anim-none  dslc-col dslc-12-col dslc-last-col  dslc-module-handle-like-regular \" data-module-id=\"3443e5c3078\" data-module=\"DSLC_Social\" data-dslc-module-size=\"12\" data-dslc-anim=\"none\" data-dslc-anim-delay=\"\" data-dslc-anim-duration=\"650\"  data-dslc-anim-easing=\"ease\" data-dslc-preset=\"none\" >\r\n\r\n\t\t\t\r\n\t\t\t\r\n\t\t\t\t\t<div class=\"dslc-social-wrap\">\n\n\t\t\t\t<ul class=\"dslc-social\">\n\t\t\t\t\t\t\t\t\t\t\t<li>\n\t\t\t\t\t\t\t\t<a class=\"dslc-social-icon\" target=\"_blank\" href=\"https:\/\/www.facebook.com\/ContaOnlin\/\" ><span class=\"dslc-icon dslc-icon-facebook\"><\/span><\/a>\n\t\t\t\t\t\t\t\t\t\t\t\t\t\t\t<\/li>\n\t\t\t\t\t\t\t\t\t\t\t\t\t\t<li>\n\t\t\t\t\t\t\t\t<a class=\"dslc-social-icon\" target=\"_blank\" href=\"https:\/\/pt.linkedin.com\/company\/contaonline\" ><span class=\"dslc-icon dslc-icon-linkedin\"><\/span><\/a>\n\t\t\t\t\t\t\t\t\t\t\t\t\t\t\t<\/li>\n\t\t\t\t\t\t\t\t\t\t\t\t\t\t<li>\n\t\t\t\t\t\t\t\t<a class=\"dslc-social-icon\" target=\"_blank\" href=\"https:\/\/www.instagram.com\/contaonline.pt\/\" ><span class=\"dslc-icon dslc-icon-instagram\"><\/span><\/a>\n\t\t\t\t\t\t\t\t\t\t\t\t\t\t\t<\/li>\n\t\t\t\t\t\t\t\t\t\t\t<\/ul>\n\n\t\t\t<\/div><!-- .dslc-social-wrap -->\n\n\t\t\t\r\n\t\t\t\t<\/div><!-- .dslc-module -->\r\n\t\t<\/div><div  class=\"dslc-modules-area dslc-col dslc-3-col  dslc-valign- \" data-size=\"3\" data-valign=\"\" data-modules-area-id=\"\" ><style type=\"text\/css\" id=\"dslca-modules-area-\"><\/style>\r\n\t\t<div id=\"dslc-module-0de77331b10\" class=\"dslc-module-front dslc-module-DSLC_Image dslc-in-viewport-check dslc-in-viewport-anim-none  dslc-col dslc-12-col dslc-last-col  dslc-module-handle-like-regular \" data-module-id=\"0de77331b10\" data-module=\"DSLC_Image\" data-dslc-module-size=\"12\" data-dslc-anim=\"none\" data-dslc-anim-delay=\"\" data-dslc-anim-duration=\"650\"  data-dslc-anim-easing=\"ease\" data-dslc-preset=\"none\" >\r\n\r\n\t\t\t\r\n\t\t\t\r\n\t\t\t\t<div class=\"dslc-image-container\">\r\n\t\t<div class=\"dslc-image\">\r\n\r\n\t\t\t\r\n\t\t\t\t\r\n\t\t\t\t\t\t\t\t\t<img src=\"https:\/\/contaonline.pt\/imobiliaria\/wp-content\/uploads\/sites\/5\/2021\/04\/ContaOnline_20_anos_de_experiencia2.png\" alt=\"\" title=\"\"   \/>\r\n\t\t\t\t\r\n\t\t\t\t\t\t\t\t\t<\/div><!-- .dslc-image -->\r\n\t\t<\/div>\r\n\t\t\r\n\t\t\t\t<\/div><!-- .dslc-module -->\r\n\t\t<\/div><div  class=\"dslc-modules-area dslc-col dslc-3-col dslc-last-col dslc-valign- \" data-size=\"3\" data-valign=\"\" data-modules-area-id=\"\" ><style type=\"text\/css\" id=\"dslca-modules-area-\"><\/style>\r\n\t\t<div id=\"dslc-module-2404cc82d80\" class=\"dslc-module-front dslc-module-DSLC_Widgets dslc-in-viewport-check dslc-in-viewport-anim-none  dslc-col dslc-12-col dslc-last-col  dslc-module-handle-like-regular \" data-module-id=\"2404cc82d80\" data-module=\"DSLC_Widgets\" data-dslc-module-size=\"12\" data-dslc-anim=\"none\" data-dslc-anim-delay=\"\" data-dslc-anim-duration=\"650\"  data-dslc-anim-easing=\"ease\" data-dslc-preset=\"none\" >\r\n\r\n\t\t\t\r\n\t\t\t\r\n\t\t\t\t\t<div class=\"dslc-widgets dslc-clearfix dslc-widgets-12-col\">\n\t\t\t\t<div class=\"dslc-widgets-wrap dslc-clearfix\">\n\t\t\t\t\t<div id=\"nav_menu-2\" class=\"dslc-widget dslc-col widget_nav_menu\"><div class=\"dslc-widget-wrap\"><div class=\"menu-menu-footer-container\"><ul id=\"menu-menu-footer\" class=\"menu\"><li id=\"menu-item-708\" class=\"menu-item menu-item-type-post_type menu-item-object-page menu-item-708\"><a href=\"https:\/\/contaonline.pt\/imobiliaria\/abrir-imobiliaria\/\">Abrir Imobili\u00e1ria<\/a><\/li>\n<li id=\"menu-item-707\" class=\"menu-item menu-item-type-post_type menu-item-object-page menu-item-707\"><a href=\"https:\/\/contaonline.pt\/imobiliaria\/mudar-contabilidade-digital\/\">Mudar<\/a><\/li>\n<li id=\"menu-item-1022\" class=\"menu-item menu-item-type-post_type menu-item-object-page menu-item-1022\"><a href=\"https:\/\/contaonline.pt\/imobiliaria\/preco-de-contabilidade-para-imobiliarias\/\">Planos de Contabilidade<\/a><\/li>\n<li id=\"menu-item-706\" class=\"menu-item menu-item-type-post_type menu-item-object-page menu-item-706\"><a href=\"https:\/\/contaonline.pt\/imobiliaria\/artigos-abrir-imobiliaria-contaonline-contabilidade\/\">Blog<\/a><\/li>\n<li id=\"menu-item-704\" class=\"menu-item menu-item-type-post_type menu-item-object-page menu-item-704\"><a href=\"https:\/\/contaonline.pt\/imobiliaria\/recrutamento\/\">Recrutamento<\/a><\/li>\n<li id=\"menu-item-705\" class=\"menu-item menu-item-type-post_type menu-item-object-page menu-item-705\"><a href=\"https:\/\/contaonline.pt\/imobiliaria\/contato\/\">Contato<\/a><\/li>\n<\/ul><\/div><\/div><\/div>\t\t\t\t<\/div>\n\t\t\t<\/div>\n\t\t\r\n\t\t\t\t<\/div><!-- .dslc-module -->\r\n\t\t<\/div><\/div><\/div>\r\n\t\t\t<div  class=\"dslc-modules-section \" style=\"padding-top:15px;padding-bottom:15px;border-color:rgba(0,0,0,0);border-right-style: hidden; border-bottom-style: hidden; border-left-style: hidden; \" data-section-id=\"5a558808aab\">\r\n\t\t\t\t<div class=\"dslc-bg-video dslc-force-show\"><div class=\"dslc-bg-video-overlay\" style=\"background-color:#000000; opacity:0.8; \"><\/div><\/div>\r\n\t\t\t\t\r\n\t\t\t\t<div class=\"dslc-modules-section-wrapper dslc-clearfix\"><div  class=\"dslc-modules-area dslc-col dslc-12-col dslc-last-col dslc-valign- \" data-size=\"12\" data-valign=\"\" data-modules-area-id=\"\" ><style type=\"text\/css\" id=\"dslca-modules-area-\"><\/style>\r\n\t\t<div id=\"dslc-module-45d4f143225\" class=\"dslc-module-front dslc-module-DSLC_Text_Simple dslc-in-viewport-check dslc-in-viewport-anim-none  dslc-col dslc-12-col dslc-last-col  dslc-module-handle-like-regular \" data-module-id=\"45d4f143225\" data-module=\"DSLC_Text_Simple\" data-dslc-module-size=\"12\" data-dslc-anim=\"none\" data-dslc-anim-delay=\"\" data-dslc-anim-duration=\"650\"  data-dslc-anim-easing=\"ease\" data-dslc-preset=\"none\" >\r\n\r\n\t\t\t\r\n\t\t\t\r\n\t\t\n\t\t<div class=\"dslc-text-module-content\">\n\t\t\t<p>\u00a9 ContaOnline | Todos os direitos reservados<\/p><p><a href=\"https:\/\/contaonline.pt\/privacidade-cookies\/\" target=\"_blank\" rel=\"noopener\">Privacidade<\/a>\u00a0 |\u00a0 <a href=\"https:\/\/contaonline.pt\/arbitragem-conflitos\/\" target=\"_blank\" rel=\"noopener\">Centro Arbitragem<\/a><\/p>\t\t<\/div>\n\n\t\t\r\n\t\t\t\t<\/div><!-- .dslc-module -->\r\n\t\t<\/div><\/div><\/div><\/div><\/div>","protected":false},"excerpt":{"rendered":"<p>In\u00edcio Abrir Imobili\u00e1ria Mudar Blog Recrutamento Contato - Select -In\u00edcioAbrir Imobili\u00e1riaMudarBlogRecrutamentoContato Marca\u00e7\u00e3o de f\u00e9rias na sua imobili\u00e1ria. Como se faz? 5 Novembro, 2019 Abrir imobili\u00e1ria Quantos funcion\u00e1rios tem a sua imobili\u00e1ria?\u00a0 Ser\u00e1 que conhece os recursos humanos da sua imobili\u00e1ria? \u00c9 frequente ver nas redes sociais, fotos de equipas, que mais parecem aut\u00eanticas f\u00e1bricas. Ser\u00e1 [&hellip;]<\/p>\n","protected":false},"author":1,"featured_media":564,"comment_status":"open","ping_status":"open","sticky":false,"template":"","format":"standard","meta":{"footnotes":""},"categories":[44],"tags":[31,30],"class_list":["post-563","post","type-post","status-publish","format-standard","has-post-thumbnail","hentry","category-abrir-imobiliaria","tag-ferias","tag-recursos-humanos"],"yoast_head":"<!-- This site is optimized with the Yoast SEO plugin v27.5 - https:\/\/yoast.com\/product\/yoast-seo-wordpress\/ -->\n<title>Marca\u00e7\u00e3o de f\u00e9rias na sua imobili\u00e1ria. Como se faz? - Contabilidade Imobiliarias<\/title>\n<meta name=\"description\" content=\"Marca\u00e7\u00e3o de f\u00e9rias na sua imobili\u00e1ria! Como se marca as f\u00e9rias dos seus funcion\u00e1rios? E quem tem direito \u00e0s f\u00e9rias sabe? 10 t\u00f3picos que o vai ajudar.\" \/>\n<meta name=\"robots\" content=\"index, follow, max-snippet:-1, max-image-preview:large, max-video-preview:-1\" \/>\n<link rel=\"canonical\" href=\"https:\/\/contaonline.pt\/imobiliaria\/marcacao-de-ferias-na-sua-imobiliaria-como-se-faz\/\" \/>\n<meta property=\"og:locale\" content=\"pt_PT\" \/>\n<meta property=\"og:type\" content=\"article\" \/>\n<meta property=\"og:title\" content=\"Marca\u00e7\u00e3o de f\u00e9rias na sua imobili\u00e1ria. Como se faz? - Contabilidade Imobiliarias\" \/>\n<meta property=\"og:description\" content=\"Marca\u00e7\u00e3o de f\u00e9rias na sua imobili\u00e1ria! Como se marca as f\u00e9rias dos seus funcion\u00e1rios? E quem tem direito \u00e0s f\u00e9rias sabe? 10 t\u00f3picos que o vai ajudar.\" \/>\n<meta property=\"og:url\" content=\"https:\/\/contaonline.pt\/imobiliaria\/marcacao-de-ferias-na-sua-imobiliaria-como-se-faz\/\" \/>\n<meta property=\"og:site_name\" content=\"Contabilidade Imobiliarias\" \/>\n<meta property=\"article:published_time\" content=\"2019-11-05T17:54:29+00:00\" \/>\n<meta property=\"article:modified_time\" content=\"2022-12-05T16:33:12+00:00\" \/>\n<meta property=\"og:image\" content=\"https:\/\/contaonline.pt\/imobiliaria\/wp-content\/uploads\/sites\/5\/2019\/11\/marca\u00e7\u00e3o-de-f\u00e9rias-contaonline-imobili\u00e1ria.jpg\" \/>\n\t<meta property=\"og:image:width\" content=\"1920\" \/>\n\t<meta property=\"og:image:height\" content=\"1280\" \/>\n\t<meta property=\"og:image:type\" content=\"image\/jpeg\" \/>\n<meta name=\"author\" content=\"Amilcar Lopes\" \/>\n<meta name=\"twitter:card\" content=\"summary_large_image\" \/>\n<meta name=\"twitter:label1\" content=\"Escrito por\" \/>\n\t<meta name=\"twitter:data1\" content=\"Amilcar Lopes\" \/>\n\t<meta name=\"twitter:label2\" content=\"Tempo estimado de leitura\" \/>\n\t<meta name=\"twitter:data2\" content=\"2 minutos\" \/>\n<script type=\"application\/ld+json\" class=\"yoast-schema-graph\">{\"@context\":\"https:\\\/\\\/schema.org\",\"@graph\":[{\"@type\":\"Article\",\"@id\":\"https:\\\/\\\/contaonline.pt\\\/imobiliaria\\\/marcacao-de-ferias-na-sua-imobiliaria-como-se-faz\\\/#article\",\"isPartOf\":{\"@id\":\"https:\\\/\\\/contaonline.pt\\\/imobiliaria\\\/marcacao-de-ferias-na-sua-imobiliaria-como-se-faz\\\/\"},\"author\":{\"name\":\"Amilcar Lopes\",\"@id\":\"https:\\\/\\\/contaonline.pt\\\/imobiliaria\\\/#\\\/schema\\\/person\\\/bab2ae8462a333e9189dba2eb4851c9d\"},\"headline\":\"Marca\u00e7\u00e3o de f\u00e9rias na sua imobili\u00e1ria. Como se faz?\",\"datePublished\":\"2019-11-05T17:54:29+00:00\",\"dateModified\":\"2022-12-05T16:33:12+00:00\",\"mainEntityOfPage\":{\"@id\":\"https:\\\/\\\/contaonline.pt\\\/imobiliaria\\\/marcacao-de-ferias-na-sua-imobiliaria-como-se-faz\\\/\"},\"wordCount\":515,\"commentCount\":0,\"publisher\":{\"@id\":\"https:\\\/\\\/contaonline.pt\\\/imobiliaria\\\/#organization\"},\"image\":{\"@id\":\"https:\\\/\\\/contaonline.pt\\\/imobiliaria\\\/marcacao-de-ferias-na-sua-imobiliaria-como-se-faz\\\/#primaryimage\"},\"thumbnailUrl\":\"https:\\\/\\\/contaonline.pt\\\/imobiliaria\\\/wp-content\\\/uploads\\\/sites\\\/5\\\/2019\\\/11\\\/marca\u00e7\u00e3o-de-f\u00e9rias-contaonline-imobili\u00e1ria.jpg\",\"keywords\":[\"F\u00e9rias\",\"Recursos Humanos\"],\"articleSection\":[\"Abrir imobili\u00e1ria\"],\"inLanguage\":\"pt-PT\",\"potentialAction\":[{\"@type\":\"CommentAction\",\"name\":\"Comment\",\"target\":[\"https:\\\/\\\/contaonline.pt\\\/imobiliaria\\\/marcacao-de-ferias-na-sua-imobiliaria-como-se-faz\\\/#respond\"]}]},{\"@type\":\"WebPage\",\"@id\":\"https:\\\/\\\/contaonline.pt\\\/imobiliaria\\\/marcacao-de-ferias-na-sua-imobiliaria-como-se-faz\\\/\",\"url\":\"https:\\\/\\\/contaonline.pt\\\/imobiliaria\\\/marcacao-de-ferias-na-sua-imobiliaria-como-se-faz\\\/\",\"name\":\"Marca\u00e7\u00e3o de f\u00e9rias na sua imobili\u00e1ria. Como se faz? - Contabilidade Imobiliarias\",\"isPartOf\":{\"@id\":\"https:\\\/\\\/contaonline.pt\\\/imobiliaria\\\/#website\"},\"primaryImageOfPage\":{\"@id\":\"https:\\\/\\\/contaonline.pt\\\/imobiliaria\\\/marcacao-de-ferias-na-sua-imobiliaria-como-se-faz\\\/#primaryimage\"},\"image\":{\"@id\":\"https:\\\/\\\/contaonline.pt\\\/imobiliaria\\\/marcacao-de-ferias-na-sua-imobiliaria-como-se-faz\\\/#primaryimage\"},\"thumbnailUrl\":\"https:\\\/\\\/contaonline.pt\\\/imobiliaria\\\/wp-content\\\/uploads\\\/sites\\\/5\\\/2019\\\/11\\\/marca\u00e7\u00e3o-de-f\u00e9rias-contaonline-imobili\u00e1ria.jpg\",\"datePublished\":\"2019-11-05T17:54:29+00:00\",\"dateModified\":\"2022-12-05T16:33:12+00:00\",\"description\":\"Marca\u00e7\u00e3o de f\u00e9rias na sua imobili\u00e1ria! Como se marca as f\u00e9rias dos seus funcion\u00e1rios? E quem tem direito \u00e0s f\u00e9rias sabe? 10 t\u00f3picos que o vai ajudar.\",\"breadcrumb\":{\"@id\":\"https:\\\/\\\/contaonline.pt\\\/imobiliaria\\\/marcacao-de-ferias-na-sua-imobiliaria-como-se-faz\\\/#breadcrumb\"},\"inLanguage\":\"pt-PT\",\"potentialAction\":[{\"@type\":\"ReadAction\",\"target\":[\"https:\\\/\\\/contaonline.pt\\\/imobiliaria\\\/marcacao-de-ferias-na-sua-imobiliaria-como-se-faz\\\/\"]}]},{\"@type\":\"ImageObject\",\"inLanguage\":\"pt-PT\",\"@id\":\"https:\\\/\\\/contaonline.pt\\\/imobiliaria\\\/marcacao-de-ferias-na-sua-imobiliaria-como-se-faz\\\/#primaryimage\",\"url\":\"https:\\\/\\\/contaonline.pt\\\/imobiliaria\\\/wp-content\\\/uploads\\\/sites\\\/5\\\/2019\\\/11\\\/marca\u00e7\u00e3o-de-f\u00e9rias-contaonline-imobili\u00e1ria.jpg\",\"contentUrl\":\"https:\\\/\\\/contaonline.pt\\\/imobiliaria\\\/wp-content\\\/uploads\\\/sites\\\/5\\\/2019\\\/11\\\/marca\u00e7\u00e3o-de-f\u00e9rias-contaonline-imobili\u00e1ria.jpg\",\"width\":1920,\"height\":1280},{\"@type\":\"BreadcrumbList\",\"@id\":\"https:\\\/\\\/contaonline.pt\\\/imobiliaria\\\/marcacao-de-ferias-na-sua-imobiliaria-como-se-faz\\\/#breadcrumb\",\"itemListElement\":[{\"@type\":\"ListItem\",\"position\":1,\"name\":\"In\u00edcio\",\"item\":\"https:\\\/\\\/contaonline.pt\\\/imobiliaria\\\/\"},{\"@type\":\"ListItem\",\"position\":2,\"name\":\"Marca\u00e7\u00e3o de f\u00e9rias na sua imobili\u00e1ria. Como se faz?\"}]},{\"@type\":\"WebSite\",\"@id\":\"https:\\\/\\\/contaonline.pt\\\/imobiliaria\\\/#website\",\"url\":\"https:\\\/\\\/contaonline.pt\\\/imobiliaria\\\/\",\"name\":\"Contabilidade para Imobili\u00e1rias 100% OnLine\",\"description\":\"Contabilidade para Imobili\u00e1ria, para te ajudar na abertura e gest\u00e3o da tua empresa de media\u00e7\u00e3o imobili\u00e1ria. FALA connosco AGORA\",\"publisher\":{\"@id\":\"https:\\\/\\\/contaonline.pt\\\/imobiliaria\\\/#organization\"},\"potentialAction\":[{\"@type\":\"SearchAction\",\"target\":{\"@type\":\"EntryPoint\",\"urlTemplate\":\"https:\\\/\\\/contaonline.pt\\\/imobiliaria\\\/?s={search_term_string}\"},\"query-input\":{\"@type\":\"PropertyValueSpecification\",\"valueRequired\":true,\"valueName\":\"search_term_string\"}}],\"inLanguage\":\"pt-PT\"},{\"@type\":\"Organization\",\"@id\":\"https:\\\/\\\/contaonline.pt\\\/imobiliaria\\\/#organization\",\"name\":\"Contaonline - Contabilidade Online para Imobili\u00e1rias\",\"url\":\"https:\\\/\\\/contaonline.pt\\\/imobiliaria\\\/\",\"logo\":{\"@type\":\"ImageObject\",\"inLanguage\":\"pt-PT\",\"@id\":\"https:\\\/\\\/contaonline.pt\\\/imobiliaria\\\/#\\\/schema\\\/logo\\\/image\\\/\",\"url\":\"https:\\\/\\\/contaonline.pt\\\/imobiliaria\\\/wp-content\\\/uploads\\\/sites\\\/5\\\/2018\\\/06\\\/logo_contaonline.png\",\"contentUrl\":\"https:\\\/\\\/contaonline.pt\\\/imobiliaria\\\/wp-content\\\/uploads\\\/sites\\\/5\\\/2018\\\/06\\\/logo_contaonline.png\",\"width\":246,\"height\":57,\"caption\":\"Contaonline - Contabilidade Online para Imobili\u00e1rias\"},\"image\":{\"@id\":\"https:\\\/\\\/contaonline.pt\\\/imobiliaria\\\/#\\\/schema\\\/logo\\\/image\\\/\"}},{\"@type\":\"Person\",\"@id\":\"https:\\\/\\\/contaonline.pt\\\/imobiliaria\\\/#\\\/schema\\\/person\\\/bab2ae8462a333e9189dba2eb4851c9d\",\"name\":\"Amilcar Lopes\",\"image\":{\"@type\":\"ImageObject\",\"inLanguage\":\"pt-PT\",\"@id\":\"https:\\\/\\\/secure.gravatar.com\\\/avatar\\\/7359f53581357b7e0bf9bc334403f6ca?s=96&d=mm&r=g\",\"url\":\"https:\\\/\\\/secure.gravatar.com\\\/avatar\\\/7359f53581357b7e0bf9bc334403f6ca?s=96&d=mm&r=g\",\"contentUrl\":\"https:\\\/\\\/secure.gravatar.com\\\/avatar\\\/7359f53581357b7e0bf9bc334403f6ca?s=96&d=mm&r=g\",\"caption\":\"Amilcar Lopes\"},\"description\":\"Sou consultor e contabilista certificado. A minha atividade profissional tem sido realizada no mundo das empresas e no imobili\u00e1rio: 30 anos em promo\u00e7\u00e3o, constru\u00e7\u00e3o e media\u00e7\u00e3o imobili\u00e1ria, 20 anos em contabilidade e gest\u00e3o.\"}]}<\/script>\n<!-- \/ Yoast SEO plugin. -->","yoast_head_json":{"title":"Marca\u00e7\u00e3o de f\u00e9rias na sua imobili\u00e1ria. Como se faz? - Contabilidade Imobiliarias","description":"Marca\u00e7\u00e3o de f\u00e9rias na sua imobili\u00e1ria! Como se marca as f\u00e9rias dos seus funcion\u00e1rios? E quem tem direito \u00e0s f\u00e9rias sabe? 10 t\u00f3picos que o vai ajudar.","robots":{"index":"index","follow":"follow","max-snippet":"max-snippet:-1","max-image-preview":"max-image-preview:large","max-video-preview":"max-video-preview:-1"},"canonical":"https:\/\/contaonline.pt\/imobiliaria\/marcacao-de-ferias-na-sua-imobiliaria-como-se-faz\/","og_locale":"pt_PT","og_type":"article","og_title":"Marca\u00e7\u00e3o de f\u00e9rias na sua imobili\u00e1ria. Como se faz? - Contabilidade Imobiliarias","og_description":"Marca\u00e7\u00e3o de f\u00e9rias na sua imobili\u00e1ria! Como se marca as f\u00e9rias dos seus funcion\u00e1rios? E quem tem direito \u00e0s f\u00e9rias sabe? 10 t\u00f3picos que o vai ajudar.","og_url":"https:\/\/contaonline.pt\/imobiliaria\/marcacao-de-ferias-na-sua-imobiliaria-como-se-faz\/","og_site_name":"Contabilidade Imobiliarias","article_published_time":"2019-11-05T17:54:29+00:00","article_modified_time":"2022-12-05T16:33:12+00:00","og_image":[{"width":1920,"height":1280,"url":"https:\/\/contaonline.pt\/imobiliaria\/wp-content\/uploads\/sites\/5\/2019\/11\/marca\u00e7\u00e3o-de-f\u00e9rias-contaonline-imobili\u00e1ria.jpg","type":"image\/jpeg"}],"author":"Amilcar Lopes","twitter_card":"summary_large_image","twitter_misc":{"Escrito por":"Amilcar Lopes","Tempo estimado de leitura":"2 minutos"},"schema":{"@context":"https:\/\/schema.org","@graph":[{"@type":"Article","@id":"https:\/\/contaonline.pt\/imobiliaria\/marcacao-de-ferias-na-sua-imobiliaria-como-se-faz\/#article","isPartOf":{"@id":"https:\/\/contaonline.pt\/imobiliaria\/marcacao-de-ferias-na-sua-imobiliaria-como-se-faz\/"},"author":{"name":"Amilcar Lopes","@id":"https:\/\/contaonline.pt\/imobiliaria\/#\/schema\/person\/bab2ae8462a333e9189dba2eb4851c9d"},"headline":"Marca\u00e7\u00e3o de f\u00e9rias na sua imobili\u00e1ria. Como se faz?","datePublished":"2019-11-05T17:54:29+00:00","dateModified":"2022-12-05T16:33:12+00:00","mainEntityOfPage":{"@id":"https:\/\/contaonline.pt\/imobiliaria\/marcacao-de-ferias-na-sua-imobiliaria-como-se-faz\/"},"wordCount":515,"commentCount":0,"publisher":{"@id":"https:\/\/contaonline.pt\/imobiliaria\/#organization"},"image":{"@id":"https:\/\/contaonline.pt\/imobiliaria\/marcacao-de-ferias-na-sua-imobiliaria-como-se-faz\/#primaryimage"},"thumbnailUrl":"https:\/\/contaonline.pt\/imobiliaria\/wp-content\/uploads\/sites\/5\/2019\/11\/marca\u00e7\u00e3o-de-f\u00e9rias-contaonline-imobili\u00e1ria.jpg","keywords":["F\u00e9rias","Recursos Humanos"],"articleSection":["Abrir imobili\u00e1ria"],"inLanguage":"pt-PT","potentialAction":[{"@type":"CommentAction","name":"Comment","target":["https:\/\/contaonline.pt\/imobiliaria\/marcacao-de-ferias-na-sua-imobiliaria-como-se-faz\/#respond"]}]},{"@type":"WebPage","@id":"https:\/\/contaonline.pt\/imobiliaria\/marcacao-de-ferias-na-sua-imobiliaria-como-se-faz\/","url":"https:\/\/contaonline.pt\/imobiliaria\/marcacao-de-ferias-na-sua-imobiliaria-como-se-faz\/","name":"Marca\u00e7\u00e3o de f\u00e9rias na sua imobili\u00e1ria. Como se faz? - Contabilidade Imobiliarias","isPartOf":{"@id":"https:\/\/contaonline.pt\/imobiliaria\/#website"},"primaryImageOfPage":{"@id":"https:\/\/contaonline.pt\/imobiliaria\/marcacao-de-ferias-na-sua-imobiliaria-como-se-faz\/#primaryimage"},"image":{"@id":"https:\/\/contaonline.pt\/imobiliaria\/marcacao-de-ferias-na-sua-imobiliaria-como-se-faz\/#primaryimage"},"thumbnailUrl":"https:\/\/contaonline.pt\/imobiliaria\/wp-content\/uploads\/sites\/5\/2019\/11\/marca\u00e7\u00e3o-de-f\u00e9rias-contaonline-imobili\u00e1ria.jpg","datePublished":"2019-11-05T17:54:29+00:00","dateModified":"2022-12-05T16:33:12+00:00","description":"Marca\u00e7\u00e3o de f\u00e9rias na sua imobili\u00e1ria! Como se marca as f\u00e9rias dos seus funcion\u00e1rios? E quem tem direito \u00e0s f\u00e9rias sabe? 10 t\u00f3picos que o vai ajudar.","breadcrumb":{"@id":"https:\/\/contaonline.pt\/imobiliaria\/marcacao-de-ferias-na-sua-imobiliaria-como-se-faz\/#breadcrumb"},"inLanguage":"pt-PT","potentialAction":[{"@type":"ReadAction","target":["https:\/\/contaonline.pt\/imobiliaria\/marcacao-de-ferias-na-sua-imobiliaria-como-se-faz\/"]}]},{"@type":"ImageObject","inLanguage":"pt-PT","@id":"https:\/\/contaonline.pt\/imobiliaria\/marcacao-de-ferias-na-sua-imobiliaria-como-se-faz\/#primaryimage","url":"https:\/\/contaonline.pt\/imobiliaria\/wp-content\/uploads\/sites\/5\/2019\/11\/marca\u00e7\u00e3o-de-f\u00e9rias-contaonline-imobili\u00e1ria.jpg","contentUrl":"https:\/\/contaonline.pt\/imobiliaria\/wp-content\/uploads\/sites\/5\/2019\/11\/marca\u00e7\u00e3o-de-f\u00e9rias-contaonline-imobili\u00e1ria.jpg","width":1920,"height":1280},{"@type":"BreadcrumbList","@id":"https:\/\/contaonline.pt\/imobiliaria\/marcacao-de-ferias-na-sua-imobiliaria-como-se-faz\/#breadcrumb","itemListElement":[{"@type":"ListItem","position":1,"name":"In\u00edcio","item":"https:\/\/contaonline.pt\/imobiliaria\/"},{"@type":"ListItem","position":2,"name":"Marca\u00e7\u00e3o de f\u00e9rias na sua imobili\u00e1ria. Como se faz?"}]},{"@type":"WebSite","@id":"https:\/\/contaonline.pt\/imobiliaria\/#website","url":"https:\/\/contaonline.pt\/imobiliaria\/","name":"Contabilidade para Imobili\u00e1rias 100% OnLine","description":"Contabilidade para Imobili\u00e1ria, para te ajudar na abertura e gest\u00e3o da tua empresa de media\u00e7\u00e3o imobili\u00e1ria. FALA connosco AGORA","publisher":{"@id":"https:\/\/contaonline.pt\/imobiliaria\/#organization"},"potentialAction":[{"@type":"SearchAction","target":{"@type":"EntryPoint","urlTemplate":"https:\/\/contaonline.pt\/imobiliaria\/?s={search_term_string}"},"query-input":{"@type":"PropertyValueSpecification","valueRequired":true,"valueName":"search_term_string"}}],"inLanguage":"pt-PT"},{"@type":"Organization","@id":"https:\/\/contaonline.pt\/imobiliaria\/#organization","name":"Contaonline - Contabilidade Online para Imobili\u00e1rias","url":"https:\/\/contaonline.pt\/imobiliaria\/","logo":{"@type":"ImageObject","inLanguage":"pt-PT","@id":"https:\/\/contaonline.pt\/imobiliaria\/#\/schema\/logo\/image\/","url":"https:\/\/contaonline.pt\/imobiliaria\/wp-content\/uploads\/sites\/5\/2018\/06\/logo_contaonline.png","contentUrl":"https:\/\/contaonline.pt\/imobiliaria\/wp-content\/uploads\/sites\/5\/2018\/06\/logo_contaonline.png","width":246,"height":57,"caption":"Contaonline - Contabilidade Online para Imobili\u00e1rias"},"image":{"@id":"https:\/\/contaonline.pt\/imobiliaria\/#\/schema\/logo\/image\/"}},{"@type":"Person","@id":"https:\/\/contaonline.pt\/imobiliaria\/#\/schema\/person\/bab2ae8462a333e9189dba2eb4851c9d","name":"Amilcar Lopes","image":{"@type":"ImageObject","inLanguage":"pt-PT","@id":"https:\/\/secure.gravatar.com\/avatar\/7359f53581357b7e0bf9bc334403f6ca?s=96&d=mm&r=g","url":"https:\/\/secure.gravatar.com\/avatar\/7359f53581357b7e0bf9bc334403f6ca?s=96&d=mm&r=g","contentUrl":"https:\/\/secure.gravatar.com\/avatar\/7359f53581357b7e0bf9bc334403f6ca?s=96&d=mm&r=g","caption":"Amilcar Lopes"},"description":"Sou consultor e contabilista certificado. A minha atividade profissional tem sido realizada no mundo das empresas e no imobili\u00e1rio: 30 anos em promo\u00e7\u00e3o, constru\u00e7\u00e3o e media\u00e7\u00e3o imobili\u00e1ria, 20 anos em contabilidade e gest\u00e3o."}]}},"_links":{"self":[{"href":"https:\/\/contaonline.pt\/imobiliaria\/wp-json\/wp\/v2\/posts\/563","targetHints":{"allow":["GET"]}}],"collection":[{"href":"https:\/\/contaonline.pt\/imobiliaria\/wp-json\/wp\/v2\/posts"}],"about":[{"href":"https:\/\/contaonline.pt\/imobiliaria\/wp-json\/wp\/v2\/types\/post"}],"author":[{"embeddable":true,"href":"https:\/\/contaonline.pt\/imobiliaria\/wp-json\/wp\/v2\/users\/1"}],"replies":[{"embeddable":true,"href":"https:\/\/contaonline.pt\/imobiliaria\/wp-json\/wp\/v2\/comments?post=563"}],"version-history":[{"count":6,"href":"https:\/\/contaonline.pt\/imobiliaria\/wp-json\/wp\/v2\/posts\/563\/revisions"}],"predecessor-version":[{"id":724,"href":"https:\/\/contaonline.pt\/imobiliaria\/wp-json\/wp\/v2\/posts\/563\/revisions\/724"}],"wp:featuredmedia":[{"embeddable":true,"href":"https:\/\/contaonline.pt\/imobiliaria\/wp-json\/wp\/v2\/media\/564"}],"wp:attachment":[{"href":"https:\/\/contaonline.pt\/imobiliaria\/wp-json\/wp\/v2\/media?parent=563"}],"wp:term":[{"taxonomy":"category","embeddable":true,"href":"https:\/\/contaonline.pt\/imobiliaria\/wp-json\/wp\/v2\/categories?post=563"},{"taxonomy":"post_tag","embeddable":true,"href":"https:\/\/contaonline.pt\/imobiliaria\/wp-json\/wp\/v2\/tags?post=563"}],"curies":[{"name":"wp","href":"https:\/\/api.w.org\/{rel}","templated":true}]}}