{"id":475,"date":"2019-01-15T18:52:07","date_gmt":"2019-01-15T18:52:07","guid":{"rendered":"https:\/\/contaonline.pt\/imobiliaria\/?p=475"},"modified":"2022-12-05T16:33:26","modified_gmt":"2022-12-05T16:33:26","slug":"cuidado-com-a-transparencia-fiscal-nas-imobliarias","status":"publish","type":"post","link":"https:\/\/contaonline.pt\/imobiliaria\/cuidado-com-a-transparencia-fiscal-nas-imobliarias\/","title":{"rendered":"Cuidado com a transpar\u00eancia fiscal nas imobli\u00e1rias!"},"content":{"rendered":"<div id=\"dslc-content\" class=\"dslc-content dslc-clearfix\"><div id=\"dslc-header\" class=\"dslc-header-pos-relative \" data-hf >\r\n\t\t\t<div  class=\"dslc-modules-section \" style=\"padding-top:10px;padding-bottom:10px;background-color:rgba(0,0,0,0);border-color:#cd2026;border-width:2px;border-right-style: hidden; border-bottom-style: hidden; border-left-style: hidden; \" data-section-id=\"32865561db0\">\r\n\t\t\t\t<div class=\"dslc-bg-video dslc-force-show\"><div class=\"dslc-bg-video-overlay\" style=\"background-color:#ffffff; opacity:0.7; \"><\/div><\/div>\r\n\t\t\t\t\r\n\t\t\t\t<div class=\"dslc-modules-section-wrapper dslc-clearfix\"><div  class=\"dslc-modules-area dslc-col dslc-3-col dslc-first-col dslc-valign- \" data-size=\"3\" data-valign=\"\" data-modules-area-id=\"\" ><style type=\"text\/css\" id=\"dslca-modules-area-\"><\/style>\r\n\t\t<div id=\"dslc-module-7667b3404be\" class=\"dslc-module-front dslc-module-DSLC_Image dslc-in-viewport-check dslc-in-viewport-anim-none  dslc-col dslc-12-col dslc-last-col  dslc-module-handle-like-regular \" data-module-id=\"7667b3404be\" data-module=\"DSLC_Image\" data-dslc-module-size=\"12\" data-dslc-anim=\"none\" data-dslc-anim-delay=\"\" data-dslc-anim-duration=\"650\"  data-dslc-anim-easing=\"ease\" data-dslc-preset=\"none\" >\r\n\r\n\t\t\t\r\n\t\t\t\r\n\t\t\t\t<div class=\"dslc-image-container\">\r\n\t\t<div class=\"dslc-image\">\r\n\r\n\t\t\t\r\n\t\t\t\t\r\n\t\t\t\t\t\t\t\t\t<a class=\"\" href=\"https:\/\/contaonline.pt\/imobiliaria\" target=\"_self\"  >\r\n\t\t\t\t\t\t\t\t\t<img src=\"https:\/\/contaonline.pt\/imobiliaria\/wp-content\/uploads\/sites\/5\/2018\/06\/logo_contaonline.png\" alt=\"\" title=\"\"   \/>\r\n\t\t\t\t\t\t\t\t\t<\/a>\r\n\t\t\t\t\r\n\t\t\t\t\t\t\t\t\t<\/div><!-- .dslc-image -->\r\n\t\t<\/div>\r\n\t\t\r\n\t\t\t\t<\/div><!-- .dslc-module -->\r\n\t\t<\/div><div  class=\"dslc-modules-area dslc-col dslc-9-col dslc-last-col dslc-valign- \" data-size=\"9\" data-valign=\"\" data-modules-area-id=\"\" ><style type=\"text\/css\" id=\"dslca-modules-area-\"><\/style>\r\n\t\t<div id=\"dslc-module-9908136acc6\" class=\"dslc-module-front dslc-module-DSLC_Navigation dslc-in-viewport-check dslc-in-viewport-anim-none  dslc-col dslc-12-col dslc-last-col  dslc-module-handle-like-regular \" data-module-id=\"9908136acc6\" data-module=\"DSLC_Navigation\" data-dslc-module-size=\"12\" data-dslc-anim=\"none\" data-dslc-anim-delay=\"0\" data-dslc-anim-duration=\"650\"  data-dslc-anim-easing=\"default\" data-dslc-preset=\"none\" >\r\n\r\n\t\t\t\r\n\t\t\t\r\n\t\t\t\t\t<div class=\"dslc-navigation dslc-navigation-sub-position-default dslc-navigation-res-t-enabled dslc-navigation-res-p-enabled dslc-navigation-orientation-horizontal\">\n\t\t\t\t<div class=\"dslc-navigation-inner\">\n\t\t\t\t\t<div class=\"menu-cabecalho-container\"><ul id=\"menu-cabecalho\" class=\"menu\"><li id=\"menu-item-1004\" class=\"menu-item menu-item-type-custom menu-item-object-custom menu-item-home menu-item-1004\"><a href=\"https:\/\/contaonline.pt\/imobiliaria\/\">In\u00edcio<\/a><\/li>\n<li id=\"menu-item-702\" class=\"menu-item menu-item-type-post_type menu-item-object-page menu-item-702\"><a href=\"https:\/\/contaonline.pt\/imobiliaria\/abrir-imobiliaria\/\">Abrir Imobili\u00e1ria<\/a><\/li>\n<li id=\"menu-item-701\" class=\"menu-item menu-item-type-post_type menu-item-object-page menu-item-701\"><a href=\"https:\/\/contaonline.pt\/imobiliaria\/mudar-contabilidade-digital\/\">Mudar<\/a><\/li>\n<li id=\"menu-item-700\" class=\"menu-item menu-item-type-post_type menu-item-object-page menu-item-700\"><a href=\"https:\/\/contaonline.pt\/imobiliaria\/artigos-abrir-imobiliaria-contaonline-contabilidade\/\">Blog<\/a><\/li>\n<li id=\"menu-item-698\" class=\"menu-item menu-item-type-post_type menu-item-object-page menu-item-698\"><a href=\"https:\/\/contaonline.pt\/imobiliaria\/recrutamento\/\">Recrutamento<\/a><\/li>\n<li id=\"menu-item-699\" class=\"menu-item menu-item-type-post_type menu-item-object-page menu-item-699\"><a href=\"https:\/\/contaonline.pt\/imobiliaria\/contato\/\">Contato<\/a><\/li>\n<\/ul><\/div>\n\t\t\t\t\t\t\t\t\t<\/div>\n\t\t\t<\/div>\n\t\t\t<div class=\"dslc-mobile-navigation dslc-navigation-res-t-enabled  dslc-navigation-res-p-enabled\">\n\t\t\t\t<select><option>- Select -<\/option><option value=\"https:\/\/contaonline.pt\/imobiliaria\/\" >In\u00edcio<\/option><option value=\"https:\/\/contaonline.pt\/imobiliaria\/abrir-imobiliaria\/\" >Abrir Imobili\u00e1ria<\/option><option value=\"https:\/\/contaonline.pt\/imobiliaria\/mudar-contabilidade-digital\/\" >Mudar<\/option><option value=\"https:\/\/contaonline.pt\/imobiliaria\/artigos-abrir-imobiliaria-contaonline-contabilidade\/\" >Blog<\/option><option value=\"https:\/\/contaonline.pt\/imobiliaria\/recrutamento\/\" >Recrutamento<\/option><option value=\"https:\/\/contaonline.pt\/imobiliaria\/contato\/\" >Contato<\/option><\/select>\n\t\t\t\t<div class=\"dslc-mobile-navigation-hook\"><span class=\"dslc-icon dslc-icon-reorder\"><\/span><\/div>\n\t\t\t<\/div><!-- .dslc-mobile-navigation -->\n\n\t\t\t\n\t\t\t<script type=\"text\/javascript\">\n\t\t\t\tvar menuItems = document.querySelectorAll( '.dslc-navigation .menu > li.menu-item-has-children:not(.menu-with-arrow) > a' );\n\n\t\t\t\tfor (var i = 0, len = menuItems.length; i < len; i++) {\n\t\t\t\t  menuItems[i].insertAdjacentHTML('afterend', '<span class=\"dslc-navigation-arrow dslc-icon dslc-icon-chevron-down\"><\/span>');\n\t\t\t\t  menuItems[i].parentElement.className += \" menu-with-arrow\";\n\t\t\t\t}\n\t\t\t<\/script>\n\t\t\t\r\n\t\t\t\t<\/div><!-- .dslc-module -->\r\n\t\t<\/div><\/div><\/div><\/div><div id=\"dslc-main\">\r\n\t\t\t<div  class=\"dslc-modules-section \" style=\"padding-top:20px;padding-bottom:20px;\" data-section-id=\"032ece486bc\">\r\n\t\t\t\t\r\n\t\t\t\t\r\n\t\t\t\t<div class=\"dslc-modules-section-wrapper dslc-clearfix\"><div  class=\"dslc-modules-area dslc-col dslc-12-col dslc-last-col dslc-valign- \" data-size=\"12\" data-valign=\"\" data-modules-area-id=\"\" ><style type=\"text\/css\" id=\"dslca-modules-area-\"><\/style>\r\n\t\t<div id=\"dslc-module-ec9aefbda95\" class=\"dslc-module-front dslc-module-DSLC_TP_Title dslc-in-viewport-check dslc-in-viewport-anim-none  dslc-col dslc-12-col dslc-last-col  dslc-module-handle-like-regular \" data-module-id=\"ec9aefbda95\" data-module=\"DSLC_TP_Title\" data-dslc-module-size=\"12\" data-dslc-anim=\"none\" data-dslc-anim-delay=\"\" data-dslc-anim-duration=\"650\"  data-dslc-anim-easing=\"ease\" data-dslc-preset=\"none\" >\r\n\r\n\t\t\t\r\n\t\t\t\r\n\t\t\r\n\t<div class=\"dslc-tp-title\">\r\n\t\t\t\t\t<div class=\"dslc-tp-title\"><h1>Cuidado com a transpar\u00eancia fiscal nas imobli\u00e1rias!<\/h1><\/div>\r\n\t\t\t<\/div>\r\n\r\n\t\r\n\t\t\t\t<\/div><!-- .dslc-module -->\r\n\t\t\r\n\t\t<div id=\"dslc-module-0fb9f19550e\" class=\"dslc-module-front dslc-module-DSLC_TP_Excerpt dslc-in-viewport-check dslc-in-viewport-anim-none  dslc-col dslc-12-col dslc-last-col  dslc-module-handle-like-regular \" data-module-id=\"0fb9f19550e\" data-module=\"DSLC_TP_Excerpt\" data-dslc-module-size=\"12\" data-dslc-anim=\"none\" data-dslc-anim-delay=\"\" data-dslc-anim-duration=\"650\"  data-dslc-anim-easing=\"ease\" data-dslc-preset=\"none\" >\r\n\r\n\t\t\t\r\n\t\t\t\r\n\t\t\t\t<div class=\"dslc-tp-excerpt\">\r\n\t\t\tEste \u00e9 um regime que penaliza alguns empres\u00e1rios da media\u00e7\u00e3o imobili\u00e1ria, e, alguns nem sabem ...\t\t<\/div>\r\n\t\t\r\n\t\t\t\t<\/div><!-- .dslc-module -->\r\n\t\t<\/div><\/div><\/div>\r\n\t\t\t<div  class=\"dslc-modules-section \" style=\"padding-top:20px;padding-bottom:20px;background-color:rgba(230, 230, 230, 0);border-color:rgb(230, 230, 230);border-width:1px;border-right-style: hidden; border-bottom-style: hidden; border-left-style: hidden; \" data-section-id=\"3c80b6d6bc1\">\r\n\t\t\t\t\r\n\t\t\t\t\r\n\t\t\t\t<div class=\"dslc-modules-section-wrapper dslc-clearfix\"><div  class=\"dslc-modules-area dslc-col dslc-8-col dslc-first-col dslc-valign- \" data-size=\"8\" data-valign=\"\" data-modules-area-id=\"\" ><style type=\"text\/css\" id=\"dslca-modules-area-\"><\/style>\r\n\t\t<div id=\"dslc-module-8f10769f814\" class=\"dslc-module-front dslc-module-DSLC_TP_Meta dslc-in-viewport-check dslc-in-viewport-anim-none  dslc-col dslc-12-col dslc-last-col  dslc-module-handle-like-regular \" data-module-id=\"8f10769f814\" data-module=\"DSLC_TP_Meta\" data-dslc-module-size=\"12\" data-dslc-anim=\"none\" data-dslc-anim-delay=\"\" data-dslc-anim-duration=\"650\"  data-dslc-anim-easing=\"ease\" data-dslc-preset=\"none\" >\r\n\r\n\t\t\t\r\n\t\t\t\r\n\t\t\r\n\t\t\t\t<div class=\"dslc-tp-meta dslc-tp-meta-horizontal\">\r\n\t\t\t\t\t<ul class=\"dslc-clearfix\">\r\n\r\n\t\t\t\t\t\t\t\t\t\t\t\t\t<li>15 Janeiro, 2019<\/li>\r\n\t\t\t\t\t\t\r\n\t\t\t\t\t\t\r\n\t\t\t\t\t\t\t\t\t\t\t\t\t\t\t\t\t\t\t\t\t<li><a href=\"https:\/\/contaonline.pt\/imobiliaria\/category\/abrir-imobiliaria\/\">Abrir imobili\u00e1ria<\/a><\/li>\t\t\t\t\t\t\t\t\t\t\t\t\t\r\n\t\t\t\t\t\t\r\n\t\t\t\t\t\t\r\n\t\t\t\t\t<\/ul>\r\n\t\t\t\t<\/div>\r\n\r\n\t\t\t\r\n\t\t\t\t<\/div><!-- .dslc-module -->\r\n\t\t\r\n\t\t<div id=\"dslc-module-6dd53aefb66\" class=\"dslc-module-front dslc-module-DSLC_TP_Content dslc-in-viewport-check dslc-in-viewport-anim-none  dslc-col dslc-12-col dslc-last-col  dslc-module-handle-like-regular \" data-module-id=\"6dd53aefb66\" data-module=\"DSLC_TP_Content\" data-dslc-module-size=\"12\" data-dslc-anim=\"none\" data-dslc-anim-delay=\"\" data-dslc-anim-duration=\"650\"  data-dslc-anim-easing=\"ease\" data-dslc-preset=\"none\" >\r\n\r\n\t\t\t\r\n\t\t\t\r\n\t\t\t\t<div class=\"dslc-tp-content\">\r\n\t\t\t\n<h2><span style=\"font-weight: 400;\">Vai abrir uma imobili\u00e1ria?<\/span><\/h2>\n<p><span style=\"font-weight: 400;\">Se for abrir uma imobili\u00e1ria, tenha muito cuidado para que ela n\u00e3o caia no regime de transpar\u00eancia fiscal. Se j\u00e1 tiver uma imobili\u00e1ria em funcionamento, fa\u00e7a-lhe j\u00e1 uma revis\u00e3o fiscal, ela pode estar nesse regime sem que saiba. N\u00e3o existe nenhum problema em estar neste regime, a grande diferen\u00e7a \u00e9 que os lucros da imobili\u00e1ria podem ser tributados em IRS em vez de IRC e a\u00ed as taxas s\u00e3o muito superiores.<\/span><\/p>\n<p><em><span style=\"font-weight: 400;\">Exemplo simples:<\/span><\/em><\/p>\n<p><em><span style=\"font-weight: 400;\">Imagine que teve um resultado bruto anual de 150.000\u20ac e que \u00e9 uma imobili\u00e1ria s\u00f3 com um s\u00f3cio (unipessoal).<\/span><\/em><\/p>\n<ul>\n<li style=\"font-weight: 400;\"><em><span style=\"font-weight: 400;\">Tributa\u00e7\u00e3o em IRC 21% (ano 2018) = 31.500\u20ac<\/span><\/em><\/li>\n<li style=\"font-weight: 400;\"><em><span style=\"font-weight: 400;\">Tributa\u00e7\u00e3o em IRS 48% (ano 2018) = 72.000\u20ac<\/span><\/em><\/li>\n<\/ul>\n<p><em><span style=\"font-weight: 400;\">(Nota: C\u00e1lculos simples s\u00f3 exemplificativos)<\/span><\/em><\/p>\n<h2><span style=\"font-weight: 400;\">O que \u00e9 a transpar\u00eancia fiscal?<\/span><\/h2>\n<p><span style=\"font-weight: 400;\">A transpar\u00eancia fiscal \u00e9 um regime de enquadramento obrigat\u00f3rio para sociedades de profissionais, no qual, tamb\u00e9m se incluem algumas empresas de media\u00e7\u00e3o imobili\u00e1ria.<\/span><\/p>\n<h2><span style=\"font-weight: 400;\">O que \u00e9 uma sociedade de profissionais?<\/span><\/h2>\n<ul>\n<li style=\"font-weight: 400;\"><span style=\"font-weight: 400;\">\u00c9 uma sociedade criada para exercer uma atividade profissional especificamente prevista na lista de atividades a que se refere o artigo 151.\u00ba \u00a0do C\u00f3digo do IRS, na qual todos os s\u00f3cios (pessoas singulares) sejam profissionais dessa atividade;<\/span><\/li>\n<li style=\"font-weight: 400;\"><span style=\"font-weight: 400;\">Ou, a sociedade cujos rendimentos provenham, em mais de 75%, do exerc\u00edcio conjunto ou isolado de atividades profissionais especificamente previstas na lista constante do artigo 151.\u00ba \u00a0do C\u00f3digo do IRS, desde que, cumulativamente, em qualquer dia do per\u00edodo de tributa\u00e7\u00e3o, o n\u00famero de s\u00f3cios n\u00e3o seja superior a cinco, nenhum deles seja pessoa coletiva de direito p\u00fablico e, pelo menos, 75% do capital social seja detido por profissionais que exercem as referidas atividades, total ou parcialmente, atrav\u00e9s da sociedade;<\/span><\/li>\n<\/ul>\n<p><em><span style=\"font-weight: 400;\">Listagem de profiss\u00f5es do artigo 151 do c\u00f3digo do IRS<\/span><\/em><\/p>\n<p><span style=\"font-weight: 400;\">1 - Arquitectos, engenheiros e t\u00e9cnicos similares:<\/span><\/p>\n<ul>\n<li style=\"font-weight: 400;\"><span style=\"font-weight: 400;\">1000 Agentes t\u00e9cnicos de engenharia e arquitectura:<\/span><\/li>\n<li style=\"font-weight: 400;\"><span style=\"font-weight: 400;\">1001 Arquitectos;<\/span><\/li>\n<li style=\"font-weight: 400;\"><span style=\"font-weight: 400;\">1002 Desenhadores;<\/span><\/li>\n<li style=\"font-weight: 400;\"><span style=\"font-weight: 400;\">1003 Engenheiros;<\/span><\/li>\n<li style=\"font-weight: 400;\"><span style=\"font-weight: 400;\">1004 Engenheiros t\u00e9cnicos;<\/span><\/li>\n<li style=\"font-weight: 400;\"><span style=\"font-weight: 400;\">1005 Ge\u00f3logos;<\/span><\/li>\n<li style=\"font-weight: 400;\"><span style=\"font-weight: 400;\">1006 Top\u00f3grafos.<\/span><\/li>\n<\/ul>\n<p><span style=\"font-weight: 400;\">2 - Artistas pl\u00e1sticos e assimilados, actores e m\u00fasicos:<\/span><\/p>\n<ul>\n<li style=\"font-weight: 400;\"><span style=\"font-weight: 400;\">2010 Artistas de teatro, bailado, cinema, r\u00e1dio e televis\u00e3o;<\/span><\/li>\n<li style=\"font-weight: 400;\"><span style=\"font-weight: 400;\">2011 Artistas de circo;<\/span><\/li>\n<li style=\"font-weight: 400;\"><span style=\"font-weight: 400;\">2019 Cantores;<\/span><\/li>\n<li style=\"font-weight: 400;\"><span style=\"font-weight: 400;\">2012 Escultores;<\/span><\/li>\n<li style=\"font-weight: 400;\"><span style=\"font-weight: 400;\">2013 M\u00fasicos;<\/span><\/li>\n<li style=\"font-weight: 400;\"><span style=\"font-weight: 400;\">2014 Pintores;<\/span><\/li>\n<li style=\"font-weight: 400;\"><span style=\"font-weight: 400;\">2015 Outros artistas.<\/span><\/li>\n<\/ul>\n<p><span style=\"font-weight: 400;\">3 - Artistas taurom\u00e1quicos:<\/span><\/p>\n<ul>\n<li style=\"font-weight: 400;\"><span style=\"font-weight: 400;\">3010 Toureiros;<\/span><\/li>\n<li style=\"font-weight: 400;\"><span style=\"font-weight: 400;\">3019 Outros artistas taurom\u00e1quicos.<\/span><\/li>\n<\/ul>\n<p><span style=\"font-weight: 400;\">4 - Economistas, contabilistas, actu\u00e1rios e t\u00e9cnicos similares:<\/span><\/p>\n<ul>\n<li style=\"font-weight: 400;\"><span style=\"font-weight: 400;\">4010 Actu\u00e1rios;<\/span><\/li>\n<li style=\"font-weight: 400;\"><span style=\"font-weight: 400;\">4011 Auditores;<\/span><\/li>\n<li style=\"font-weight: 400;\"><span style=\"font-weight: 400;\">4012 Consultores fiscais;<\/span><\/li>\n<li style=\"font-weight: 400;\"><span style=\"font-weight: 400;\">4013 Contabilistas;<\/span><\/li>\n<li style=\"font-weight: 400;\"><span style=\"font-weight: 400;\">4014 Economistas;<\/span><\/li>\n<li style=\"font-weight: 400;\"><span style=\"font-weight: 400;\">4015 T\u00e9cnicos oficiais de contas;<\/span><\/li>\n<li style=\"font-weight: 400;\"><span style=\"font-weight: 400;\">4016 T\u00e9cnicos similares.<\/span><\/li>\n<\/ul>\n<p><span style=\"font-weight: 400;\">5 - Enfermeiros, parteiras e outros t\u00e9cnicos param\u00e9dicos:<\/span><\/p>\n<ul>\n<li style=\"font-weight: 400;\"><span style=\"font-weight: 400;\">5010 Enfermeiros;<\/span><\/li>\n<li style=\"font-weight: 400;\"><span style=\"font-weight: 400;\">5012 Fisioterapeutas;<\/span><\/li>\n<li style=\"font-weight: 400;\"><span style=\"font-weight: 400;\">5013 Nutricionistas;<\/span><\/li>\n<li style=\"font-weight: 400;\"><span style=\"font-weight: 400;\">5014 Parteiras;<\/span><\/li>\n<li style=\"font-weight: 400;\"><span style=\"font-weight: 400;\">5015 Terapeutas da fala;<\/span><\/li>\n<li style=\"font-weight: 400;\"><span style=\"font-weight: 400;\">*5016 . Terapeutas ocupacionais.<\/span><\/li>\n<li style=\"font-weight: 400;\"><span style=\"font-weight: 400;\">5019 Outros t\u00e9cnicos param\u00e9dicos.<\/span><\/li>\n<\/ul>\n<p><span style=\"font-weight: 400;\">6 - Juristas e solicitadores:<\/span><\/p>\n<ul>\n<li style=\"font-weight: 400;\"><span style=\"font-weight: 400;\">6010 Advogados;<\/span><\/li>\n<li style=\"font-weight: 400;\"><span style=\"font-weight: 400;\">6011 Jurisconsultos;<\/span><\/li>\n<li style=\"font-weight: 400;\"><span style=\"font-weight: 400;\">6012 Solicitadores.<\/span><\/li>\n<\/ul>\n<p><span style=\"font-weight: 400;\">7 - M\u00e9dicos e dentistas:<\/span><\/p>\n<ul>\n<li style=\"font-weight: 400;\"><span style=\"font-weight: 400;\">7010 Dentistas;<\/span><\/li>\n<li style=\"font-weight: 400;\"><span style=\"font-weight: 400;\">7011 M\u00e9dicos analistas;<\/span><\/li>\n<li style=\"font-weight: 400;\"><span style=\"font-weight: 400;\">7012 M\u00e9dicos cirurgi\u00f5es;<\/span><\/li>\n<li style=\"font-weight: 400;\"><span style=\"font-weight: 400;\">7013 M\u00e9dicos de bordo em navios;<\/span><\/li>\n<li style=\"font-weight: 400;\"><span style=\"font-weight: 400;\">7014 M\u00e9dicos de cl\u00ednica geral;<\/span><\/li>\n<li style=\"font-weight: 400;\"><span style=\"font-weight: 400;\">7015 M\u00e9dicos dentistas;<\/span><\/li>\n<li style=\"font-weight: 400;\"><span style=\"font-weight: 400;\">7016 M\u00e9dicos estomatologistas;<\/span><\/li>\n<li style=\"font-weight: 400;\"><span style=\"font-weight: 400;\">7017 M\u00e9dicos fisiatras;<\/span><\/li>\n<li style=\"font-weight: 400;\"><span style=\"font-weight: 400;\">7018 M\u00e9dicos gastroenterologistas;<\/span><\/li>\n<li style=\"font-weight: 400;\"><span style=\"font-weight: 400;\">7019 M\u00e9dicos oftalmologistas;<\/span><\/li>\n<li style=\"font-weight: 400;\"><span style=\"font-weight: 400;\">7020 M\u00e9dicos ortopedistas;<\/span><\/li>\n<li style=\"font-weight: 400;\"><span style=\"font-weight: 400;\">7021 M\u00e9dicos otorrinolaringologistas;<\/span><\/li>\n<li style=\"font-weight: 400;\"><span style=\"font-weight: 400;\">7022 M\u00e9dicos pediatras;<\/span><\/li>\n<li style=\"font-weight: 400;\"><span style=\"font-weight: 400;\">7023 M\u00e9dicos radiologistas;<\/span><\/li>\n<li style=\"font-weight: 400;\"><span style=\"font-weight: 400;\">7024 M\u00e9dicos de outras especialidades.<\/span><\/li>\n<\/ul>\n<p><span style=\"font-weight: 400;\">8 - Professores e t\u00e9cnicos similares:<\/span><\/p>\n<ul>\n<li style=\"font-weight: 400;\"><span style=\"font-weight: 400;\">8010 Explicadores;<\/span><\/li>\n<li style=\"font-weight: 400;\"><span style=\"font-weight: 400;\">8011 Formadores;<\/span><\/li>\n<li style=\"font-weight: 400;\"><span style=\"font-weight: 400;\">8012 Professores.<\/span><\/li>\n<\/ul>\n<p><span style=\"font-weight: 400;\">9 - Profissionais dependentes de nomea\u00e7\u00e3o oficial:<\/span><\/p>\n<ul>\n<li style=\"font-weight: 400;\"><span style=\"font-weight: 400;\">9010 Revisores oficiais de contas.<\/span><\/li>\n<li style=\"font-weight: 400;\"><span style=\"font-weight: 400;\">*9011 Not\u00e1rios<\/span><\/li>\n<\/ul>\n<p><span style=\"font-weight: 400;\">10 - Psic\u00f3logos e soci\u00f3logos:<\/span><\/p>\n<ul>\n<li style=\"font-weight: 400;\"><span style=\"font-weight: 400;\">1010 Psic\u00f3logos;<\/span><\/li>\n<li style=\"font-weight: 400;\"><span style=\"font-weight: 400;\">1011 Soci\u00f3logos.<\/span><\/li>\n<li style=\"font-weight: 400;\"><span style=\"font-weight: 400;\">11 - Qu\u00edmicos:<\/span><\/li>\n<li style=\"font-weight: 400;\"><span style=\"font-weight: 400;\">1110 Analistas.<\/span><\/li>\n<\/ul>\n<p><span style=\"font-weight: 400;\">12 - Sacerdotes:<\/span><\/p>\n<ul>\n<li style=\"font-weight: 400;\"><span style=\"font-weight: 400;\">1210 Sacerdotes de qualquer religi\u00e3o.<\/span><\/li>\n<\/ul>\n<p><span style=\"font-weight: 400;\">13 - Outras pessoas exercendo profiss\u00f5es liberais, t\u00e9cnicos e assimilados:<\/span><\/p>\n<ul>\n<li style=\"font-weight: 400;\"><span style=\"font-weight: 400;\">1310 Administradores de bens;<\/span><\/li>\n<li style=\"font-weight: 400;\"><span style=\"font-weight: 400;\">1311 Ajudantes familiares;<\/span><\/li>\n<li style=\"font-weight: 400;\"><span style=\"font-weight: 400;\">1312 Amas;<\/span><\/li>\n<li style=\"font-weight: 400;\"><span style=\"font-weight: 400;\">1313 Analistas de sistemas;<\/span><\/li>\n<li style=\"font-weight: 400;\"><span style=\"font-weight: 400;\">1314 Arque\u00f3logos;<\/span><\/li>\n<li style=\"font-weight: 400;\"><span style=\"font-weight: 400;\">1315 Assistentes sociais;<\/span><\/li>\n<li style=\"font-weight: 400;\"><span style=\"font-weight: 400;\">1316 Astr\u00f3logos;<\/span><\/li>\n<li style=\"font-weight: 400;\"><span style=\"font-weight: 400;\">1317 Parapsic\u00f3logos;<\/span><\/li>\n<li style=\"font-weight: 400;\"><span style=\"font-weight: 400;\">1318 Bi\u00f3logos;<\/span><\/li>\n<li style=\"font-weight: 400;\"><span style=\"font-weight: 400;\">1319 Comissionistas;<\/span><\/li>\n<li style=\"font-weight: 400;\"><span style=\"font-weight: 400;\">1320 Consultores;<\/span><\/li>\n<li style=\"font-weight: 400;\"><span style=\"font-weight: 400;\">1321 Dactil\u00f3grafos;<\/span><\/li>\n<li style=\"font-weight: 400;\"><span style=\"font-weight: 400;\">1322 Decoradores;<\/span><\/li>\n<li style=\"font-weight: 400;\"><span style=\"font-weight: 400;\">1323 Desportistas;<\/span><\/li>\n<li style=\"font-weight: 400;\"><span style=\"font-weight: 400;\">1324 Engomadores;<\/span><\/li>\n<li style=\"font-weight: 400;\"><span style=\"font-weight: 400;\">1325 Esteticistas, manicuras e pedicuras;<\/span><\/li>\n<li style=\"font-weight: 400;\"><span style=\"font-weight: 400;\">1326 Guias-int\u00e9rpretes;<\/span><\/li>\n<li style=\"font-weight: 400;\"><span style=\"font-weight: 400;\">1327 Jornalistas e rep\u00f3rteres;<\/span><\/li>\n<li style=\"font-weight: 400;\"><span style=\"font-weight: 400;\">1328 Louvados;<\/span><\/li>\n<li style=\"font-weight: 400;\"><span style=\"font-weight: 400;\">1329 Massagistas;<\/span><\/li>\n<li style=\"font-weight: 400;\"><span style=\"font-weight: 400;\"><span style=\"background-color: #ffff00;\">1330 Mediadores imobili\u00e1rios<\/span>;<\/span><\/li>\n<li style=\"font-weight: 400;\"><span style=\"font-weight: 400;\">1331 Peritos-avaliadores;<\/span><\/li>\n<li style=\"font-weight: 400;\"><span style=\"font-weight: 400;\">1332 Programadores inform\u00e1ticos;<\/span><\/li>\n<li style=\"font-weight: 400;\"><span style=\"font-weight: 400;\">1333 Publicit\u00e1rios;<\/span><\/li>\n<li style=\"font-weight: 400;\"><span style=\"font-weight: 400;\">1334 Tradutores.<\/span><\/li>\n<li style=\"font-weight: 400;\"><span style=\"font-weight: 400;\">*1335 Farmac\u00eauticos<\/span><\/li>\n<li style=\"font-weight: 400;\"><span style=\"font-weight: 400;\">1336 Designers (aditada pela Lei n.\u00ba53-A\/2006-29\/12)<\/span><\/li>\n<\/ul>\n<p><span style=\"font-weight: 400;\">14 - Veterin\u00e1rios: <\/span><\/p>\n<ul>\n<li style=\"font-weight: 400;\"><span style=\"font-weight: 400;\">1410 Veterin\u00e1rios.<\/span><\/li>\n<\/ul>\n<p><span style=\"font-weight: 400;\">15 - Outras actividades exclusivamente de presta\u00e7\u00e3o de servi\u00e7os:<\/span><\/p>\n<ul>\n<li style=\"font-weight: 400;\"><span style=\"font-weight: 400;\">1519 Outros prestadores de servi\u00e7os.<\/span><\/li>\n<\/ul>\n<h2><span style=\"font-weight: 400;\">Conclus\u00e3o<\/span><\/h2>\n<p><span style=\"font-weight: 400;\">Um bom estudo e planeamento fiscal do seu neg\u00f3cio \u00e9 fundamental e indispens\u00e1vel. Sem ele, ter\u00e1 grandes e graves surpresas no futuro.\u00a0<\/span><span style=\"font-weight: 400;\">N\u00e3o arrisque.<\/span><\/p>\n\t\t<\/div>\r\n\t\t\r\n\t\t\t\t<\/div><!-- .dslc-module -->\r\n\t\t\r\n\t\t<div id=\"dslc-module-9dd818ed500\" class=\"dslc-module-front dslc-module-DSLC_TP_Comments dslc-in-viewport-check dslc-in-viewport-anim-none  dslc-col dslc-12-col dslc-last-col  dslc-module-handle-like-regular \" data-module-id=\"9dd818ed500\" data-module=\"DSLC_TP_Comments\" data-dslc-module-size=\"12\" data-dslc-anim=\"none\" data-dslc-anim-delay=\"\" data-dslc-anim-duration=\"650\"  data-dslc-anim-easing=\"ease\" data-dslc-preset=\"none\" >\r\n\r\n\t\t\t\r\n\t\t\t\r\n\t\t\t\t\r\n\t\t\t<div class=\"dslc-tp-comments\" id=\"comments\">\r\n\r\n\t\t\t\t\r\n\t\t\t\t\t\r\n\t\t\t\t\t\t\r\n\t\t\t\t\t\t\r\n\t\t\t\t\t\t<ol class=\"comments clean-list\">\r\n\t\t\t\t\t\t\t\n\t\t\t\t<li class=\"comment even thread-even depth-1 dslc-comment\" id=\"dslc-comment-220\">\n\n\t\t\t\t\t<div id=\"comment-220\" class=\"dslc-comment-inner\">\n\n\t\t\t\t\t\t<div class=\"dslc-comment-info dslc-clearfix\">\n\n\t\t\t\t\t\t\t<ul class=\"dslc-comment-meta dslc-clearfix\">\n\t\t\t\t\t\t\t\t<li class=\"dslc-comment-meta-author\"><span class=\"dslc-comment-author-avatar\"><img alt='' src='https:\/\/secure.gravatar.com\/avatar\/3bb9cd6360980a328e87d77dfb04f989?s=33&#038;d=mm&#038;r=g' srcset='https:\/\/secure.gravatar.com\/avatar\/3bb9cd6360980a328e87d77dfb04f989?s=66&#038;d=mm&#038;r=g 2x' class='avatar avatar-33 photo' height='33' width='33' \/><\/span>Maria<\/li>\n\t\t\t\t\t\t\t\t<li class=\"dslc-comment-meta-date\">3 Julho, 2023<\/li>\n\t\t\t\t\t\t\t<\/ul>\n\n\t\t\t\t\t\t\t<span class=\"dslc-comment-reply\">\n\t\t\t\t\t\t\t\t<a rel=\"nofollow\" class=\"comment-reply-link\" href=\"#comment-220\" data-commentid=\"220\" data-postid=\"475\" data-belowelement=\"comment-220\" data-respondelement=\"respond\" data-replyto=\"Responder a Maria\" aria-label=\"Responder a Maria\">Responder<\/a>\t\t\t\t\t\t\t<\/span>\n\n\t\t\t\t\t\t<\/div><!-- .comment-info -->\n\n\t\t\t\t\t\t<div class=\"dslc-comment-main\">\n\n\t\t\t\t\t\t\t<p>Boa tarde.<br \/>\nTenho uma empresa que est\u00e1 obrigada \u00e0 transparencia fiscal.<br \/>\nA minha quest\u00e3o \u00e9: se a empresa teve, por exemplo, 100.000 \u20ac de lucro, o IRS ir\u00e1 recair sobre os 100% desse lucro? Ou seja irei pagar 48% sobre os 100.000\u20ac uma vez que tal montante atinge o m\u00e1ximo da tabela?<\/p>\n\n\t\t\t\t\t\t<\/div><!-- .comment-main -->\n\n\t\t\t\t\t<\/div><!-- .comment-inner -->\n\n\t\t\t\t<ul class=\"children\">\n\n\t\t\t\t<li class=\"comment byuser comment-author-amilcar bypostauthor odd alt depth-2 dslc-comment\" id=\"dslc-comment-221\">\n\n\t\t\t\t\t<div id=\"comment-221\" class=\"dslc-comment-inner\">\n\n\t\t\t\t\t\t<div class=\"dslc-comment-info dslc-clearfix\">\n\n\t\t\t\t\t\t\t<ul class=\"dslc-comment-meta dslc-clearfix\">\n\t\t\t\t\t\t\t\t<li class=\"dslc-comment-meta-author\"><span class=\"dslc-comment-author-avatar\"><img alt='' src='https:\/\/secure.gravatar.com\/avatar\/7359f53581357b7e0bf9bc334403f6ca?s=33&#038;d=mm&#038;r=g' srcset='https:\/\/secure.gravatar.com\/avatar\/7359f53581357b7e0bf9bc334403f6ca?s=66&#038;d=mm&#038;r=g 2x' class='avatar avatar-33 photo' height='33' width='33' \/><\/span>Amilcar Lopes<\/li>\n\t\t\t\t\t\t\t\t<li class=\"dslc-comment-meta-date\">3 Julho, 2023<\/li>\n\t\t\t\t\t\t\t<\/ul>\n\n\t\t\t\t\t\t\t<span class=\"dslc-comment-reply\">\n\t\t\t\t\t\t\t\t<a rel=\"nofollow\" class=\"comment-reply-link\" href=\"#comment-221\" data-commentid=\"221\" data-postid=\"475\" data-belowelement=\"comment-221\" data-respondelement=\"respond\" data-replyto=\"Responder a Amilcar Lopes\" aria-label=\"Responder a Amilcar Lopes\">Responder<\/a>\t\t\t\t\t\t\t<\/span>\n\n\t\t\t\t\t\t<\/div><!-- .comment-info -->\n\n\t\t\t\t\t\t<div class=\"dslc-comment-main\">\n\n\t\t\t\t\t\t\t<p>Ol\u00e1 Maria,<br \/>\nNa transpar\u00eancia fiscal o IRS n\u00e3o \u00e9 sobre o lucro, mas sim sobre a mat\u00e9ria colect\u00e1vel.<br \/>\nO s\u00f3cio ter\u00e1 que declarar no seu irs o valor correspondente (de mat\u00e9ria colect\u00e1vel) a proporcionalidade da sua quota e a taxa de IRS a aplicar ser\u00e1 sobre o conjunto de todos os rendimentos (pessoais) que teve nesse ano.<\/p>\n\n\t\t\t\t\t\t<\/div><!-- .comment-main -->\n\n\t\t\t\t\t<\/div><!-- .comment-inner -->\n\n\t\t\t\t<\/li><!-- #comment-## -->\n<\/ul><!-- .children -->\n<\/li><!-- #comment-## -->\n\n\t\t\t\t<li class=\"comment even thread-odd thread-alt depth-1 dslc-comment\" id=\"dslc-comment-94\">\n\n\t\t\t\t\t<div id=\"comment-94\" class=\"dslc-comment-inner\">\n\n\t\t\t\t\t\t<div class=\"dslc-comment-info dslc-clearfix\">\n\n\t\t\t\t\t\t\t<ul class=\"dslc-comment-meta dslc-clearfix\">\n\t\t\t\t\t\t\t\t<li class=\"dslc-comment-meta-author\"><span class=\"dslc-comment-author-avatar\"><img alt='' src='https:\/\/secure.gravatar.com\/avatar\/ec6846fce345aa6382dc715141cb4868?s=33&#038;d=mm&#038;r=g' srcset='https:\/\/secure.gravatar.com\/avatar\/ec6846fce345aa6382dc715141cb4868?s=66&#038;d=mm&#038;r=g 2x' class='avatar avatar-33 photo' height='33' width='33' \/><\/span>F\u00e1bio<\/li>\n\t\t\t\t\t\t\t\t<li class=\"dslc-comment-meta-date\">23 Setembro, 2019<\/li>\n\t\t\t\t\t\t\t<\/ul>\n\n\t\t\t\t\t\t\t<span class=\"dslc-comment-reply\">\n\t\t\t\t\t\t\t\t<a rel=\"nofollow\" class=\"comment-reply-link\" href=\"#comment-94\" data-commentid=\"94\" data-postid=\"475\" data-belowelement=\"comment-94\" data-respondelement=\"respond\" data-replyto=\"Responder a F\u00e1bio\" aria-label=\"Responder a F\u00e1bio\">Responder<\/a>\t\t\t\t\t\t\t<\/span>\n\n\t\t\t\t\t\t<\/div><!-- .comment-info -->\n\n\t\t\t\t\t\t<div class=\"dslc-comment-main\">\n\n\t\t\t\t\t\t\t<p>Boa tarde,<br \/>\nComo devo fazer para que a empresa n\u00e3o caia no regime de transpar\u00eancia fiscal?<br \/>\nCumprimentos<\/p>\n\n\t\t\t\t\t\t<\/div><!-- .comment-main -->\n\n\t\t\t\t\t<\/div><!-- .comment-inner -->\n\n\t\t\t\t<ul class=\"children\">\n\n\t\t\t\t<li class=\"comment byuser comment-author-amilcar bypostauthor odd alt depth-2 dslc-comment\" id=\"dslc-comment-95\">\n\n\t\t\t\t\t<div id=\"comment-95\" class=\"dslc-comment-inner\">\n\n\t\t\t\t\t\t<div class=\"dslc-comment-info dslc-clearfix\">\n\n\t\t\t\t\t\t\t<ul class=\"dslc-comment-meta dslc-clearfix\">\n\t\t\t\t\t\t\t\t<li class=\"dslc-comment-meta-author\"><span class=\"dslc-comment-author-avatar\"><img alt='' src='https:\/\/secure.gravatar.com\/avatar\/7359f53581357b7e0bf9bc334403f6ca?s=33&#038;d=mm&#038;r=g' srcset='https:\/\/secure.gravatar.com\/avatar\/7359f53581357b7e0bf9bc334403f6ca?s=66&#038;d=mm&#038;r=g 2x' class='avatar avatar-33 photo' height='33' width='33' \/><\/span>Amilcar Lopes<\/li>\n\t\t\t\t\t\t\t\t<li class=\"dslc-comment-meta-date\">23 Setembro, 2019<\/li>\n\t\t\t\t\t\t\t<\/ul>\n\n\t\t\t\t\t\t\t<span class=\"dslc-comment-reply\">\n\t\t\t\t\t\t\t\t<a rel=\"nofollow\" class=\"comment-reply-link\" href=\"#comment-95\" data-commentid=\"95\" data-postid=\"475\" data-belowelement=\"comment-95\" data-respondelement=\"respond\" data-replyto=\"Responder a Amilcar Lopes\" aria-label=\"Responder a Amilcar Lopes\">Responder<\/a>\t\t\t\t\t\t\t<\/span>\n\n\t\t\t\t\t\t<\/div><!-- .comment-info -->\n\n\t\t\t\t\t\t<div class=\"dslc-comment-main\">\n\n\t\t\t\t\t\t\t<p>Obrigado F\u00e1bio pelo seu coment\u00e1rio.<br \/>\nA resposta \u00e1 sua d\u00favida est\u00e1 no artigo 6, n\u00ba4, al. a)2) do CIRC (<a href=\"http:\/\/info.portaldasfinancas.gov.pt\/pt\/informacao_fiscal\/codigos_tributarios\/CIRC_2R\/Pages\/irc6.aspx\" target=\"_blank\" rel=\"noopener noreferrer nofollow\">ver artigo<\/a>).<\/p>\n\n\t\t\t\t\t\t<\/div><!-- .comment-main -->\n\n\t\t\t\t\t<\/div><!-- .comment-inner -->\n\n\t\t\t\t<\/li><!-- #comment-## -->\n<\/ul><!-- .children -->\n<\/li><!-- #comment-## -->\n\n\t\t\t\t<li class=\"comment even thread-even depth-1 dslc-comment\" id=\"dslc-comment-92\">\n\n\t\t\t\t\t<div id=\"comment-92\" class=\"dslc-comment-inner\">\n\n\t\t\t\t\t\t<div class=\"dslc-comment-info dslc-clearfix\">\n\n\t\t\t\t\t\t\t<ul class=\"dslc-comment-meta dslc-clearfix\">\n\t\t\t\t\t\t\t\t<li class=\"dslc-comment-meta-author\"><span class=\"dslc-comment-author-avatar\"><img alt='' src='https:\/\/secure.gravatar.com\/avatar\/2c1ef1b07ef9483c9f92c7708138dc11?s=33&#038;d=mm&#038;r=g' srcset='https:\/\/secure.gravatar.com\/avatar\/2c1ef1b07ef9483c9f92c7708138dc11?s=66&#038;d=mm&#038;r=g 2x' class='avatar avatar-33 photo' height='33' width='33' \/><\/span>ismaello rolando<\/li>\n\t\t\t\t\t\t\t\t<li class=\"dslc-comment-meta-date\">2 Setembro, 2019<\/li>\n\t\t\t\t\t\t\t<\/ul>\n\n\t\t\t\t\t\t\t<span class=\"dslc-comment-reply\">\n\t\t\t\t\t\t\t\t<a rel=\"nofollow\" class=\"comment-reply-link\" href=\"#comment-92\" data-commentid=\"92\" data-postid=\"475\" data-belowelement=\"comment-92\" data-respondelement=\"respond\" data-replyto=\"Responder a ismaello rolando\" aria-label=\"Responder a ismaello rolando\">Responder<\/a>\t\t\t\t\t\t\t<\/span>\n\n\t\t\t\t\t\t<\/div><!-- .comment-info -->\n\n\t\t\t\t\t\t<div class=\"dslc-comment-main\">\n\n\t\t\t\t\t\t\t<p>boa tarde,<br \/>\nComo devo ser inscrito nas finan\u00e7as como nova empresa para que ela n\u00e3o caia no regime de transpar\u00eancia fiscal, sou independente e tenciono abrir;<br \/>\nTributa\u00e7\u00e3o em IRC 21%<br \/>\nTributa\u00e7\u00e3o em IRS 48%,<br \/>\npara ter a tributa\u00e7\u00e3o de 21\u20ac.<br \/>\ncom os meus cumprimentos,<br \/>\nismaello rolando<\/p>\n\n\t\t\t\t\t\t<\/div><!-- .comment-main -->\n\n\t\t\t\t\t<\/div><!-- .comment-inner -->\n\n\t\t\t\t<ul class=\"children\">\n\n\t\t\t\t<li class=\"comment byuser comment-author-amilcar bypostauthor odd alt depth-2 dslc-comment\" id=\"dslc-comment-93\">\n\n\t\t\t\t\t<div id=\"comment-93\" class=\"dslc-comment-inner\">\n\n\t\t\t\t\t\t<div class=\"dslc-comment-info dslc-clearfix\">\n\n\t\t\t\t\t\t\t<ul class=\"dslc-comment-meta dslc-clearfix\">\n\t\t\t\t\t\t\t\t<li class=\"dslc-comment-meta-author\"><span class=\"dslc-comment-author-avatar\"><img alt='' src='https:\/\/secure.gravatar.com\/avatar\/7359f53581357b7e0bf9bc334403f6ca?s=33&#038;d=mm&#038;r=g' srcset='https:\/\/secure.gravatar.com\/avatar\/7359f53581357b7e0bf9bc334403f6ca?s=66&#038;d=mm&#038;r=g 2x' class='avatar avatar-33 photo' height='33' width='33' \/><\/span>Amilcar Lopes<\/li>\n\t\t\t\t\t\t\t\t<li class=\"dslc-comment-meta-date\">2 Setembro, 2019<\/li>\n\t\t\t\t\t\t\t<\/ul>\n\n\t\t\t\t\t\t\t<span class=\"dslc-comment-reply\">\n\t\t\t\t\t\t\t\t<a rel=\"nofollow\" class=\"comment-reply-link\" href=\"#comment-93\" data-commentid=\"93\" data-postid=\"475\" data-belowelement=\"comment-93\" data-respondelement=\"respond\" data-replyto=\"Responder a Amilcar Lopes\" aria-label=\"Responder a Amilcar Lopes\">Responder<\/a>\t\t\t\t\t\t\t<\/span>\n\n\t\t\t\t\t\t<\/div><!-- .comment-info -->\n\n\t\t\t\t\t\t<div class=\"dslc-comment-main\">\n\n\t\t\t\t\t\t\t<p>Obrigado Ismaello, o regime de transpar\u00eancia fiscal s\u00f3 se aplica em sociedades por quotas.<\/p>\n\n\t\t\t\t\t\t<\/div><!-- .comment-main -->\n\n\t\t\t\t\t<\/div><!-- .comment-inner -->\n\n\t\t\t\t<\/li><!-- #comment-## -->\n<\/ul><!-- .children -->\n<\/li><!-- #comment-## -->\n\t\t\t\t\t\t<\/ol><!-- .commentlist -->\r\n\r\n\t\t\t\t\t\t\r\n\t\t\t\t\t\r\n\t\t\t\t\t\r\n\t\t\t\t\r\n\t\t\t<\/div><!-- dslc-tp-comments -->\r\n\r\n\t\t\r\n\t\r\n\t\t\t\t<\/div><!-- .dslc-module -->\r\n\t\t\r\n\t\t<div id=\"dslc-module-330ad314f3a\" class=\"dslc-module-front dslc-module-DSLC_TP_Comments_Form dslc-in-viewport-check dslc-in-viewport-anim-none  dslc-col dslc-12-col dslc-last-col  dslc-module-handle-like-regular \" data-module-id=\"330ad314f3a\" data-module=\"DSLC_TP_Comments_Form\" data-dslc-module-size=\"12\" data-dslc-anim=\"none\" data-dslc-anim-delay=\"\" data-dslc-anim-duration=\"650\"  data-dslc-anim-easing=\"ease\" data-dslc-preset=\"none\" >\r\n\r\n\t\t\t\r\n\t\t\t\r\n\t\t\t\t\r\n\t\t<div class=\"dslc-tp-comment-form\">\r\n\r\n\t\t\t\t<div id=\"respond\" class=\"comment-respond\">\n\t\t<h3 id=\"reply-title\" class=\"comment-reply-title\">Gostaste? Deixa-nos a tua opini\u00e3o  <small><a rel=\"nofollow\" id=\"cancel-comment-reply-link\" href=\"\/imobiliaria\/wp-json\/wp\/v2\/posts\/475#respond\" style=\"display:none;\">cancel<\/a><\/small><\/h3><form action=\"https:\/\/contaonline.pt\/imobiliaria\/wp-comments-post.php\" method=\"post\" id=\"commentform\" class=\"comment-form\" novalidate><div class=\"comment-form-name\"><input id=\"author\" name=\"author\" type=text value=\"\" size=\"30\" placeholder=\"Nome *\" aria-required=\"true\" \/><\/div>\n<div class=\"comment-form-email\"><input id=\"email\" name=\"email\" type=text value=\"\" size=\"30\" placeholder=\"Email *\" aria-required=\"true\" \/><\/div>\n<div class=\"comment-form-website\"><input id=\"url\" name=\"url\" type=text value=\"\" size=\"30\" placeholder=\"Site\" \/><\/div>\n<div class=\"comment-form-comment\"><textarea id=\"comment\" name=\"comment\" placeholder=\"Escreve aqui o teu coment\u00e1rio\" aria-required=\"true\"><\/textarea><\/div><p class=\"comment-form-cookies-consent\"><input id=\"wp-comment-cookies-consent\" name=\"wp-comment-cookies-consent\" type=\"checkbox\" value=\"yes\" \/><label for=\"wp-comment-cookies-consent\">Save my name, email, and website in this browser for the next time I comment.<\/label><\/p>\n<p class=\"form-submit\"><input name=\"submit\" type=\"submit\" id=\"submit\" class=\"submit\" value=\"Enviar Coment\u00e1rio\" \/> <input type='hidden' name='comment_post_ID' value='475' id='comment_post_ID' \/>\n<input type='hidden' name='comment_parent' id='comment_parent' value='0' \/>\n<\/p><p style=\"display: none;\"><input type=\"hidden\" id=\"akismet_comment_nonce\" name=\"akismet_comment_nonce\" value=\"3d167e5448\" \/><\/p><p style=\"display: none !important;\" class=\"akismet-fields-container\" data-prefix=\"ak_\"><label>&#916;<textarea name=\"ak_hp_textarea\" cols=\"45\" rows=\"8\" maxlength=\"100\"><\/textarea><\/label><input type=\"hidden\" id=\"ak_js_1\" name=\"ak_js\" value=\"17\"\/><script type=\"text\/javascript\">\n\/* <![CDATA[ *\/\ndocument.getElementById( \"ak_js_1\" ).setAttribute( \"value\", ( new Date() ).getTime() );\n\/* ]]> *\/\n<\/script>\n<\/p><\/form>\t<\/div><!-- #respond -->\n\t\r\n\t\t<\/div><!-- dslc-tp-comment-form -->\r\n\r\n\t\t\t\t<style type=\"text\/css\">\r\n\t\t\t.dslc-tp-comment-form input[type=text]::-moz-placeholder, .dslc-tp-comment-form input[type=url]::-moz-placeholder, .dslc-tp-comment-form input[type=email]::-moz-placeholder, .dslc-tp-comment-form textarea::-moz-placeholder {\r\n\t\t\t\tcolor: #4d4d4d;\r\n\t\t\t}\r\n\t\t\t.dslc-tp-comment-form input[type=text]::-webkit-input-placeholder, .dslc-tp-comment-form input[type=url]::-webkit-input-placeholder, .dslc-tp-comment-form input[type=email]::-webkit-input-placeholder, .dslc-tp-comment-form textarea::-webkit-input-placeholder {\r\n\t\t\t\tcolor: #4d4d4d;\r\n\t\t\t}\r\n\t\t\t.dslc-tp-comment-form input[type=text]:-ms-input-placeholder, .dslc-tp-comment-form input[type=url]:-ms-input-placeholder, .dslc-tp-comment-form input[type=email]:-ms-input-placeholder, .dslc-tp-comment-form textarea:-ms-input-placeholder {\r\n\t\t\t\tcolor: #4d4d4d;\r\n\t\t\t}\r\n\t\t<\/style>\r\n\t\t\r\n\t\r\n\t\t\t\t<\/div><!-- .dslc-module -->\r\n\t\t<\/div><div  class=\"dslc-modules-area dslc-col dslc-4-col dslc-last-col dslc-valign- \" data-size=\"4\" data-valign=\"\" data-modules-area-id=\"\" ><style type=\"text\/css\" id=\"dslca-modules-area-\"><\/style>\r\n\t\t<div id=\"dslc-module-3dcc6b25c61\" class=\"dslc-module-front dslc-module-DSLC_Separator dslc-in-viewport-check dslc-in-viewport-anim-none  dslc-col dslc-12-col dslc-last-col dslc-hide-on-phone  dslc-module-handle-like-regular \" data-module-id=\"3dcc6b25c61\" data-module=\"DSLC_Separator\" data-dslc-module-size=\"12\" data-dslc-anim=\"none\" data-dslc-anim-delay=\"\" data-dslc-anim-duration=\"650\"  data-dslc-anim-easing=\"ease\" data-dslc-preset=\"none\" >\r\n\r\n\t\t\t\r\n\t\t\t\r\n\t\t\t\t\t<div class=\"dslc-separator-wrapper\">\n\t\t\t\t<div class=\"dslc-separator dslc-separator-style-invisible\">\n\t\t\t\t\t\t\t\t\t<\/div>\n\t\t\t\t<div><\/div>\n\t\t\t<\/div><!-- .dslc-separator-wrapper -->\n\t\t\t\r\n\t\t\t\t<\/div><!-- .dslc-module -->\r\n\t\t\r\n\t\t<div id=\"dslc-module-53b465bcc63\" class=\"dslc-module-front dslc-module-DSLC_Text_Simple dslc-in-viewport-check dslc-in-viewport-anim-none  dslc-col dslc-12-col dslc-last-col  dslc-module-handle-like-regular \" data-module-id=\"53b465bcc63\" data-module=\"DSLC_Text_Simple\" data-dslc-module-size=\"12\" data-dslc-anim=\"none\" data-dslc-anim-delay=\"\" data-dslc-anim-duration=\"650\"  data-dslc-anim-easing=\"ease\" data-dslc-preset=\"none\" >\r\n\r\n\t\t\t\r\n\t\t\t\r\n\t\t\n\t\t<div class=\"dslc-text-module-content\">\n\t\t\t<h2><span style=\"color: #000000;\">Vais abrir uma<\/span><span style=\"color: #000000;\">\u00a0<\/span><span style=\"color: #ff0000;\">Imobili\u00e1ria <span style=\"color: #000000;\">?<\/span><\/span><\/h2><p><strong>Come\u00e7a o teu neg\u00f3cio sem erros<\/strong>.<\/p><p>Queremos ajudar-te desde o primeiro momento.<\/p><p><strong>Vamos falar?<\/strong><\/p>\t\t<\/div>\n\n\t\t\r\n\t\t\t\t<\/div><!-- .dslc-module -->\r\n\t\t\r\n\t\t<div id=\"dslc-module-572b3f242f1\" class=\"dslc-module-front dslc-module-DSLC_Button dslc-in-viewport-check dslc-in-viewport-anim-none  dslc-col dslc-12-col dslc-last-col  dslc-module-handle-like-regular \" data-module-id=\"572b3f242f1\" data-module=\"DSLC_Button\" data-dslc-module-size=\"12\" data-dslc-anim=\"none\" data-dslc-anim-delay=\"\" data-dslc-anim-duration=\"650\"  data-dslc-anim-easing=\"ease\" data-dslc-preset=\"none\" >\r\n\r\n\t\t\t\r\n\t\t\t\r\n\t\t\r\n\t\t\t<div class=\"dslc-button\">\r\n\t\t\t\t\t\t\t\t\t<a href=\"https:\/\/contaonline.pt\/imobiliaria\/proposta\/\" target=\"_self\"  onClick=\"\" class=\"\">\r\n\t\t\t\t\t\t\t\t\t\t\t\t\t\t\t\t\t\t\t\t\t<span class=\"dslc-icon dslc-icon-hand-pointer-o\"><\/span>\t\r\n\t\t\t\t\t\t\t\t\t\t\t\t\t\t\t\t\t\t\t\t\t\t\t\t\t\t<span>SOLICITAR PROPOSTA<\/span>\r\n\t\t\t\t\t\t\t\t\t\t\t\t\t\t\t\t\t<\/a>\r\n\t\t\t\t\t\t\t<\/div><!-- .dslc-button -->\r\n\r\n\r\n\t\t\t\t\t\t\r\n\t\t\t\t<\/div><!-- .dslc-module -->\r\n\t\t\r\n\t\t<div id=\"dslc-module-6e71fb83e2c\" class=\"dslc-module-front dslc-module-DSLC_Separator dslc-in-viewport-check dslc-in-viewport-anim-none  dslc-col dslc-12-col dslc-last-col dslc-hide-on-phone  dslc-module-handle-like-regular \" data-module-id=\"6e71fb83e2c\" data-module=\"DSLC_Separator\" data-dslc-module-size=\"12\" data-dslc-anim=\"none\" data-dslc-anim-delay=\"\" data-dslc-anim-duration=\"650\"  data-dslc-anim-easing=\"ease\" data-dslc-preset=\"none\" >\r\n\r\n\t\t\t\r\n\t\t\t\r\n\t\t\t\t\t<div class=\"dslc-separator-wrapper\">\n\t\t\t\t<div class=\"dslc-separator dslc-separator-style-invisible\">\n\t\t\t\t\t\t\t\t\t<\/div>\n\t\t\t\t<div><\/div>\n\t\t\t<\/div><!-- .dslc-separator-wrapper -->\n\t\t\t\r\n\t\t\t\t<\/div><!-- .dslc-module -->\r\n\t\t\r\n\t\t<div id=\"dslc-module-c5e12a500a3\" class=\"dslc-module-front dslc-module-DSLC_Text_Simple dslc-in-viewport-check dslc-in-viewport-anim-none  dslc-col dslc-12-col dslc-last-col  dslc-module-handle-like-regular \" data-module-id=\"c5e12a500a3\" data-module=\"DSLC_Text_Simple\" data-dslc-module-size=\"12\" data-dslc-anim=\"none\" data-dslc-anim-delay=\"\" data-dslc-anim-duration=\"650\"  data-dslc-anim-easing=\"ease\" data-dslc-preset=\"none\" >\r\n\r\n\t\t\t\r\n\t\t\t\r\n\t\t\n\t\t<div class=\"dslc-text-module-content\">\n\t\t\t<p>Artigos Recentes<\/p>\t\t<\/div>\n\n\t\t\r\n\t\t\t\t<\/div><!-- .dslc-module -->\r\n\t\t\r\n\t\t<div id=\"dslc-module-c79837ef781\" class=\"dslc-module-front dslc-module-DSLC_Widgets dslc-in-viewport-check dslc-in-viewport-anim-none  dslc-col dslc-12-col dslc-last-col dslc-hide-on-phone  dslc-module-handle-like-regular \" data-module-id=\"c79837ef781\" data-module=\"DSLC_Widgets\" data-dslc-module-size=\"12\" data-dslc-anim=\"none\" data-dslc-anim-delay=\"\" data-dslc-anim-duration=\"650\"  data-dslc-anim-easing=\"ease\" data-dslc-preset=\"none\" >\r\n\r\n\t\t\t\r\n\t\t\t\r\n\t\t\t\t\t<div class=\"dslc-widgets dslc-clearfix dslc-widgets-12-col\">\n\t\t\t\t<div class=\"dslc-widgets-wrap dslc-clearfix\">\n\t\t\t\t\t<div id=\"block-6\" class=\"dslc-widget dslc-col widget_block widget_recent_entries\"><div class=\"dslc-widget-wrap\"><ul class=\"wp-block-latest-posts__list wp-block-latest-posts\"><li><a class=\"wp-block-latest-posts__post-title\" href=\"https:\/\/contaonline.pt\/imobiliaria\/contrato-de-mediacao-imobiliaria-minuta\/\">Contrato de media\u00e7\u00e3o imobili\u00e1ria - minuta!<\/a><\/li>\n<li><a class=\"wp-block-latest-posts__post-title\" href=\"https:\/\/contaonline.pt\/imobiliaria\/manutencao-licenca-ami\/\">Manuten\u00e7\u00e3o Licen\u00e7a AMI<\/a><\/li>\n<li><a class=\"wp-block-latest-posts__post-title\" href=\"https:\/\/contaonline.pt\/imobiliaria\/licenca-ami\/\">Licen\u00e7a AMI<\/a><\/li>\n<li><a class=\"wp-block-latest-posts__post-title\" href=\"https:\/\/contaonline.pt\/imobiliaria\/o-franchising-imobiliario-como-modelo-de-negocio\/\">O franchising imobili\u00e1rio como modelo de neg\u00f3cio<\/a><\/li>\n<li><a class=\"wp-block-latest-posts__post-title\" href=\"https:\/\/contaonline.pt\/imobiliaria\/agente-imobiliario-o-que-faz\/\">Agente imobili\u00e1rio, o que faz?<\/a><\/li>\n<li><a class=\"wp-block-latest-posts__post-title\" href=\"https:\/\/contaonline.pt\/imobiliaria\/consultar-licenca-ami\/\">Consultar licen\u00e7a AMI<\/a><\/li>\n<li><a class=\"wp-block-latest-posts__post-title\" href=\"https:\/\/contaonline.pt\/imobiliaria\/sera-que-a-mediacao-imobiliaria-se-vai-manter-com-esta\/\">Ser\u00e1 que a media\u00e7\u00e3o imobili\u00e1ria se vai manter como est\u00e1?<\/a><\/li>\n<li><a class=\"wp-block-latest-posts__post-title\" href=\"https:\/\/contaonline.pt\/imobiliaria\/mediacao-imobiliaria-ao-rubro-em-2022\/\">Media\u00e7\u00e3o imobili\u00e1ria ao rubro em 2022<\/a><\/li>\n<\/ul><\/div><\/div>\t\t\t\t<\/div>\n\t\t\t<\/div>\n\t\t\r\n\t\t\t\t<\/div><!-- .dslc-module -->\r\n\t\t<\/div><\/div><\/div><\/div><input type=\"hidden\" id=\"dslca-post-data-thumb\" value=\"https:\/\/contaonline.pt\/imobiliaria\/wp-content\/uploads\/sites\/5\/2019\/01\/transpar\u00eancia-fiscal-impostos-contaonline.jpg\" \/><div id=\"dslc-footer\" class=\"dslc-footer-pos-relative \" data-hf >\r\n\t\t\t<div  class=\"dslc-modules-section \" style=\"padding-top:20px;padding-bottom:20px;\" data-section-id=\"960276704a6\">\r\n\t\t\t\t<div class=\"dslc-bg-video dslc-force-show\"><div class=\"dslc-bg-video-overlay\" style=\"background-color:rgba(22,219,15,0.3); opacity:1; \"><\/div><\/div>\r\n\t\t\t\t\r\n\t\t\t\t<div class=\"dslc-modules-section-wrapper dslc-clearfix\"><div  class=\"dslc-modules-area dslc-col dslc-3-col dslc-first-col dslc-valign- \" data-size=\"3\" data-valign=\"\" data-modules-area-id=\"\" ><style type=\"text\/css\" id=\"dslca-modules-area-\"><\/style>\r\n\t\t<div id=\"dslc-module-83636a12d79\" class=\"dslc-module-front dslc-module-DSLC_Image dslc-in-viewport-check dslc-in-viewport-anim-none  dslc-col dslc-12-col dslc-last-col  dslc-module-handle-like-regular \" data-module-id=\"83636a12d79\" data-module=\"DSLC_Image\" data-dslc-module-size=\"12\" data-dslc-anim=\"none\" data-dslc-anim-delay=\"\" data-dslc-anim-duration=\"650\"  data-dslc-anim-easing=\"ease\" data-dslc-preset=\"none\" >\r\n\r\n\t\t\t\r\n\t\t\t\r\n\t\t\t\t<div class=\"dslc-image-container\">\r\n\t\t<div class=\"dslc-image\">\r\n\r\n\t\t\t\r\n\t\t\t\t\r\n\t\t\t\t\t\t\t\t\t<img src=\"https:\/\/contaonline.pt\/imobiliaria\/wp-content\/uploads\/sites\/5\/2022\/09\/Contabilidade-economia-verde-ContaOnline-4x3-1.png\" alt=\"\" title=\"\"   \/>\r\n\t\t\t\t\r\n\t\t\t\t\t\t\t\t\t<\/div><!-- .dslc-image -->\r\n\t\t<\/div>\r\n\t\t\r\n\t\t\t\t<\/div><!-- .dslc-module -->\r\n\t\t<\/div><div  class=\"dslc-modules-area dslc-col dslc-9-col dslc-last-col dslc-valign- \" data-size=\"9\" data-valign=\"\" data-modules-area-id=\"\" ><style type=\"text\/css\" id=\"dslca-modules-area-\"><\/style>\r\n\t\t<div id=\"dslc-module-ed0b750205b\" class=\"dslc-module-front dslc-module-DSLC_Separator dslc-in-viewport-check dslc-in-viewport-anim-none  dslc-col dslc-12-col dslc-last-col dslc-hide-on-tablet dslc-hide-on-phone  dslc-module-handle-like-regular \" data-module-id=\"ed0b750205b\" data-module=\"DSLC_Separator\" data-dslc-module-size=\"12\" data-dslc-anim=\"none\" data-dslc-anim-delay=\"\" data-dslc-anim-duration=\"650\"  data-dslc-anim-easing=\"ease\" data-dslc-preset=\"none\" >\r\n\r\n\t\t\t\r\n\t\t\t\r\n\t\t\t\t\t<div class=\"dslc-separator-wrapper\">\n\t\t\t\t<div class=\"dslc-separator dslc-separator-style-invisible\">\n\t\t\t\t\t\t\t\t\t<\/div>\n\t\t\t\t<div><\/div>\n\t\t\t<\/div><!-- .dslc-separator-wrapper -->\n\t\t\t\r\n\t\t\t\t<\/div><!-- .dslc-module -->\r\n\t\t\r\n\t\t<div id=\"dslc-module-422af38841e\" class=\"dslc-module-front dslc-module-DSLC_Text_Simple dslc-in-viewport-check dslc-in-viewport-anim-none  dslc-col dslc-12-col dslc-last-col  dslc-module-handle-like-regular \" data-module-id=\"422af38841e\" data-module=\"DSLC_Text_Simple\" data-dslc-module-size=\"12\" data-dslc-anim=\"none\" data-dslc-anim-delay=\"\" data-dslc-anim-duration=\"650\"  data-dslc-anim-easing=\"ease\" data-dslc-preset=\"none\" >\r\n\r\n\t\t\t\r\n\t\t\t\r\n\t\t\n\t\t<div class=\"dslc-text-module-content\">\n\t\t\t<h1 style=\"text-align: center;\">SOMOS VERDES<\/h1><p style=\"text-align: center;\">contabilidade sem papel, sem desloca\u00e7\u00f5es, amiga do ambiente<\/p>\t\t<\/div>\n\n\t\t\r\n\t\t\t\t<\/div><!-- .dslc-module -->\r\n\t\t<\/div><\/div><\/div>\r\n\t\t\t<div  class=\"dslc-modules-section \" style=\"\" data-section-id=\"6f46eec4e79\">\r\n\t\t\t\t<div class=\"dslc-bg-video dslc-force-show\"><div class=\"dslc-bg-video-overlay\" style=\"background-color:#000000; opacity:1; \"><\/div><\/div>\r\n\t\t\t\t\r\n\t\t\t\t<div class=\"dslc-modules-section-wrapper dslc-clearfix\"><div  class=\"dslc-modules-area dslc-col dslc-6-col dslc-first-col dslc-valign- \" data-size=\"6\" data-valign=\"\" data-modules-area-id=\"\" ><style type=\"text\/css\" id=\"dslca-modules-area-\"><\/style>\r\n\t\t<div id=\"dslc-module-c1cc620e22b\" class=\"dslc-module-front dslc-module-DSLC_Text_Simple dslc-in-viewport-check dslc-in-viewport-anim-none  dslc-col dslc-12-col dslc-last-col  dslc-module-handle-like-regular \" data-module-id=\"c1cc620e22b\" data-module=\"DSLC_Text_Simple\" data-dslc-module-size=\"12\" data-dslc-anim=\"none\" data-dslc-anim-delay=\"\" data-dslc-anim-duration=\"650\"  data-dslc-anim-easing=\"ease\" data-dslc-preset=\"none\" >\r\n\r\n\t\t\t\r\n\t\t\t\r\n\t\t\n\t\t<div class=\"dslc-text-module-content\">\n\t\t\t<p><strong>Conta<span style=\"color: #ff0000;\">Online<\/span><\/strong> - contabilidade digital para a tua Imobili\u00e1ria. Atendemos \u00e1 dist\u00e2ncia, 100% online, sem papel, sempre com um acompanhamento por contabilista certificado. Contamos com 20 anos ao servi\u00e7os das empresas de <strong>media\u00e7\u00e3o imobili\u00e1ria<\/strong>.<\/p>\t\t<\/div>\n\n\t\t\r\n\t\t\t\t<\/div><!-- .dslc-module -->\r\n\t\t\r\n\t\t<div id=\"dslc-module-3443e5c3078\" class=\"dslc-module-front dslc-module-DSLC_Social dslc-in-viewport-check dslc-in-viewport-anim-none  dslc-col dslc-12-col dslc-last-col  dslc-module-handle-like-regular \" data-module-id=\"3443e5c3078\" data-module=\"DSLC_Social\" data-dslc-module-size=\"12\" data-dslc-anim=\"none\" data-dslc-anim-delay=\"\" data-dslc-anim-duration=\"650\"  data-dslc-anim-easing=\"ease\" data-dslc-preset=\"none\" >\r\n\r\n\t\t\t\r\n\t\t\t\r\n\t\t\t\t\t<div class=\"dslc-social-wrap\">\n\n\t\t\t\t<ul class=\"dslc-social\">\n\t\t\t\t\t\t\t\t\t\t\t<li>\n\t\t\t\t\t\t\t\t<a class=\"dslc-social-icon\" target=\"_blank\" href=\"https:\/\/www.facebook.com\/ContaOnlin\/\" ><span class=\"dslc-icon dslc-icon-facebook\"><\/span><\/a>\n\t\t\t\t\t\t\t\t\t\t\t\t\t\t\t<\/li>\n\t\t\t\t\t\t\t\t\t\t\t\t\t\t<li>\n\t\t\t\t\t\t\t\t<a class=\"dslc-social-icon\" target=\"_blank\" href=\"https:\/\/pt.linkedin.com\/company\/contaonline\" ><span class=\"dslc-icon dslc-icon-linkedin\"><\/span><\/a>\n\t\t\t\t\t\t\t\t\t\t\t\t\t\t\t<\/li>\n\t\t\t\t\t\t\t\t\t\t\t\t\t\t<li>\n\t\t\t\t\t\t\t\t<a class=\"dslc-social-icon\" target=\"_blank\" href=\"https:\/\/www.instagram.com\/contaonline.pt\/\" ><span class=\"dslc-icon dslc-icon-instagram\"><\/span><\/a>\n\t\t\t\t\t\t\t\t\t\t\t\t\t\t\t<\/li>\n\t\t\t\t\t\t\t\t\t\t\t<\/ul>\n\n\t\t\t<\/div><!-- .dslc-social-wrap -->\n\n\t\t\t\r\n\t\t\t\t<\/div><!-- .dslc-module -->\r\n\t\t<\/div><div  class=\"dslc-modules-area dslc-col dslc-3-col  dslc-valign- \" data-size=\"3\" data-valign=\"\" data-modules-area-id=\"\" ><style type=\"text\/css\" id=\"dslca-modules-area-\"><\/style>\r\n\t\t<div id=\"dslc-module-0de77331b10\" class=\"dslc-module-front dslc-module-DSLC_Image dslc-in-viewport-check dslc-in-viewport-anim-none  dslc-col dslc-12-col dslc-last-col  dslc-module-handle-like-regular \" data-module-id=\"0de77331b10\" data-module=\"DSLC_Image\" data-dslc-module-size=\"12\" data-dslc-anim=\"none\" data-dslc-anim-delay=\"\" data-dslc-anim-duration=\"650\"  data-dslc-anim-easing=\"ease\" data-dslc-preset=\"none\" >\r\n\r\n\t\t\t\r\n\t\t\t\r\n\t\t\t\t<div class=\"dslc-image-container\">\r\n\t\t<div class=\"dslc-image\">\r\n\r\n\t\t\t\r\n\t\t\t\t\r\n\t\t\t\t\t\t\t\t\t<img src=\"https:\/\/contaonline.pt\/imobiliaria\/wp-content\/uploads\/sites\/5\/2021\/04\/ContaOnline_20_anos_de_experiencia2.png\" alt=\"\" title=\"\"   \/>\r\n\t\t\t\t\r\n\t\t\t\t\t\t\t\t\t<\/div><!-- .dslc-image -->\r\n\t\t<\/div>\r\n\t\t\r\n\t\t\t\t<\/div><!-- .dslc-module -->\r\n\t\t<\/div><div  class=\"dslc-modules-area dslc-col dslc-3-col dslc-last-col dslc-valign- \" data-size=\"3\" data-valign=\"\" data-modules-area-id=\"\" ><style type=\"text\/css\" id=\"dslca-modules-area-\"><\/style>\r\n\t\t<div id=\"dslc-module-2404cc82d80\" class=\"dslc-module-front dslc-module-DSLC_Widgets dslc-in-viewport-check dslc-in-viewport-anim-none  dslc-col dslc-12-col dslc-last-col  dslc-module-handle-like-regular \" data-module-id=\"2404cc82d80\" data-module=\"DSLC_Widgets\" data-dslc-module-size=\"12\" data-dslc-anim=\"none\" data-dslc-anim-delay=\"\" data-dslc-anim-duration=\"650\"  data-dslc-anim-easing=\"ease\" data-dslc-preset=\"none\" >\r\n\r\n\t\t\t\r\n\t\t\t\r\n\t\t\t\t\t<div class=\"dslc-widgets dslc-clearfix dslc-widgets-12-col\">\n\t\t\t\t<div class=\"dslc-widgets-wrap dslc-clearfix\">\n\t\t\t\t\t<div id=\"nav_menu-2\" class=\"dslc-widget dslc-col widget_nav_menu\"><div class=\"dslc-widget-wrap\"><div class=\"menu-menu-footer-container\"><ul id=\"menu-menu-footer\" class=\"menu\"><li id=\"menu-item-708\" class=\"menu-item menu-item-type-post_type menu-item-object-page menu-item-708\"><a href=\"https:\/\/contaonline.pt\/imobiliaria\/abrir-imobiliaria\/\">Abrir Imobili\u00e1ria<\/a><\/li>\n<li id=\"menu-item-707\" class=\"menu-item menu-item-type-post_type menu-item-object-page menu-item-707\"><a href=\"https:\/\/contaonline.pt\/imobiliaria\/mudar-contabilidade-digital\/\">Mudar<\/a><\/li>\n<li id=\"menu-item-1022\" class=\"menu-item menu-item-type-post_type menu-item-object-page menu-item-1022\"><a href=\"https:\/\/contaonline.pt\/imobiliaria\/preco-de-contabilidade-para-imobiliarias\/\">Planos de Contabilidade<\/a><\/li>\n<li id=\"menu-item-706\" class=\"menu-item menu-item-type-post_type menu-item-object-page menu-item-706\"><a href=\"https:\/\/contaonline.pt\/imobiliaria\/artigos-abrir-imobiliaria-contaonline-contabilidade\/\">Blog<\/a><\/li>\n<li id=\"menu-item-704\" class=\"menu-item menu-item-type-post_type menu-item-object-page menu-item-704\"><a href=\"https:\/\/contaonline.pt\/imobiliaria\/recrutamento\/\">Recrutamento<\/a><\/li>\n<li id=\"menu-item-705\" class=\"menu-item menu-item-type-post_type menu-item-object-page menu-item-705\"><a href=\"https:\/\/contaonline.pt\/imobiliaria\/contato\/\">Contato<\/a><\/li>\n<\/ul><\/div><\/div><\/div>\t\t\t\t<\/div>\n\t\t\t<\/div>\n\t\t\r\n\t\t\t\t<\/div><!-- .dslc-module -->\r\n\t\t<\/div><\/div><\/div>\r\n\t\t\t<div  class=\"dslc-modules-section \" style=\"padding-top:15px;padding-bottom:15px;border-color:rgba(0,0,0,0);border-right-style: hidden; border-bottom-style: hidden; border-left-style: hidden; \" data-section-id=\"5a558808aab\">\r\n\t\t\t\t<div class=\"dslc-bg-video dslc-force-show\"><div class=\"dslc-bg-video-overlay\" style=\"background-color:#000000; opacity:0.8; \"><\/div><\/div>\r\n\t\t\t\t\r\n\t\t\t\t<div class=\"dslc-modules-section-wrapper dslc-clearfix\"><div  class=\"dslc-modules-area dslc-col dslc-12-col dslc-last-col dslc-valign- \" data-size=\"12\" data-valign=\"\" data-modules-area-id=\"\" ><style type=\"text\/css\" id=\"dslca-modules-area-\"><\/style>\r\n\t\t<div id=\"dslc-module-45d4f143225\" class=\"dslc-module-front dslc-module-DSLC_Text_Simple dslc-in-viewport-check dslc-in-viewport-anim-none  dslc-col dslc-12-col dslc-last-col  dslc-module-handle-like-regular \" data-module-id=\"45d4f143225\" data-module=\"DSLC_Text_Simple\" data-dslc-module-size=\"12\" data-dslc-anim=\"none\" data-dslc-anim-delay=\"\" data-dslc-anim-duration=\"650\"  data-dslc-anim-easing=\"ease\" data-dslc-preset=\"none\" >\r\n\r\n\t\t\t\r\n\t\t\t\r\n\t\t\n\t\t<div class=\"dslc-text-module-content\">\n\t\t\t<p>\u00a9 ContaOnline | Todos os direitos reservados<\/p><p><a href=\"https:\/\/contaonline.pt\/privacidade-cookies\/\" target=\"_blank\" rel=\"noopener\">Privacidade<\/a>\u00a0 |\u00a0 <a href=\"https:\/\/contaonline.pt\/arbitragem-conflitos\/\" target=\"_blank\" rel=\"noopener\">Centro Arbitragem<\/a><\/p>\t\t<\/div>\n\n\t\t\r\n\t\t\t\t<\/div><!-- .dslc-module -->\r\n\t\t<\/div><\/div><\/div><\/div><\/div>","protected":false},"excerpt":{"rendered":"<p>Este \u00e9 um regime que penaliza alguns empres\u00e1rios da media\u00e7\u00e3o imobili\u00e1ria, e, alguns nem sabem ...<\/p>\n","protected":false},"author":1,"featured_media":476,"comment_status":"open","ping_status":"open","sticky":false,"template":"","format":"standard","meta":{"footnotes":""},"categories":[44],"tags":[24],"class_list":["post-475","post","type-post","status-publish","format-standard","has-post-thumbnail","hentry","category-abrir-imobiliaria","tag-impostos"],"yoast_head":"<!-- This site is optimized with the Yoast SEO plugin v27.5 - https:\/\/yoast.com\/product\/yoast-seo-wordpress\/ -->\n<title>Cuidado com a transpar\u00eancia fiscal nas imobli\u00e1rias!<\/title>\n<meta name=\"description\" content=\"Tem uma imobili\u00e1ria ou vai abri uma? Tenha cuidado para n\u00e3o cair no regime da transparencia fiscal, vai-lhe aumentar a sua carga fiscal evitadamente.\" \/>\n<meta name=\"robots\" content=\"index, follow, max-snippet:-1, max-image-preview:large, max-video-preview:-1\" \/>\n<link rel=\"canonical\" href=\"https:\/\/contaonline.pt\/imobiliaria\/cuidado-com-a-transparencia-fiscal-nas-imobliarias\/\" \/>\n<meta property=\"og:locale\" content=\"pt_PT\" \/>\n<meta property=\"og:type\" content=\"article\" \/>\n<meta property=\"og:title\" content=\"Cuidado com a transpar\u00eancia fiscal nas imobli\u00e1rias!\" \/>\n<meta property=\"og:description\" content=\"Tem uma imobili\u00e1ria ou vai abri uma? Tenha cuidado para n\u00e3o cair no regime da transparencia fiscal, vai-lhe aumentar a sua carga fiscal evitadamente.\" \/>\n<meta property=\"og:url\" content=\"https:\/\/contaonline.pt\/imobiliaria\/cuidado-com-a-transparencia-fiscal-nas-imobliarias\/\" \/>\n<meta property=\"og:site_name\" content=\"Contabilidade Imobiliarias\" \/>\n<meta property=\"article:published_time\" content=\"2019-01-15T18:52:07+00:00\" \/>\n<meta property=\"article:modified_time\" content=\"2022-12-05T16:33:26+00:00\" \/>\n<meta property=\"og:image\" content=\"https:\/\/contaonline.pt\/imobiliaria\/wp-content\/uploads\/sites\/5\/2019\/01\/transpar\u00eancia-fiscal-impostos-contaonline.jpg\" \/>\n\t<meta property=\"og:image:width\" content=\"1920\" \/>\n\t<meta property=\"og:image:height\" content=\"1280\" \/>\n\t<meta property=\"og:image:type\" content=\"image\/jpeg\" \/>\n<meta name=\"author\" content=\"Amilcar Lopes\" \/>\n<meta name=\"twitter:card\" content=\"summary_large_image\" \/>\n<meta name=\"twitter:label1\" content=\"Escrito por\" \/>\n\t<meta name=\"twitter:data1\" content=\"Amilcar Lopes\" \/>\n\t<meta name=\"twitter:label2\" content=\"Tempo estimado de leitura\" \/>\n\t<meta name=\"twitter:data2\" content=\"3 minutos\" \/>\n<script type=\"application\/ld+json\" class=\"yoast-schema-graph\">{\"@context\":\"https:\\\/\\\/schema.org\",\"@graph\":[{\"@type\":\"Article\",\"@id\":\"https:\\\/\\\/contaonline.pt\\\/imobiliaria\\\/cuidado-com-a-transparencia-fiscal-nas-imobliarias\\\/#article\",\"isPartOf\":{\"@id\":\"https:\\\/\\\/contaonline.pt\\\/imobiliaria\\\/cuidado-com-a-transparencia-fiscal-nas-imobliarias\\\/\"},\"author\":{\"name\":\"Amilcar Lopes\",\"@id\":\"https:\\\/\\\/contaonline.pt\\\/imobiliaria\\\/#\\\/schema\\\/person\\\/bab2ae8462a333e9189dba2eb4851c9d\"},\"headline\":\"Cuidado com a transpar\u00eancia fiscal nas imobli\u00e1rias!\",\"datePublished\":\"2019-01-15T18:52:07+00:00\",\"dateModified\":\"2022-12-05T16:33:26+00:00\",\"mainEntityOfPage\":{\"@id\":\"https:\\\/\\\/contaonline.pt\\\/imobiliaria\\\/cuidado-com-a-transparencia-fiscal-nas-imobliarias\\\/\"},\"wordCount\":636,\"commentCount\":6,\"publisher\":{\"@id\":\"https:\\\/\\\/contaonline.pt\\\/imobiliaria\\\/#organization\"},\"image\":{\"@id\":\"https:\\\/\\\/contaonline.pt\\\/imobiliaria\\\/cuidado-com-a-transparencia-fiscal-nas-imobliarias\\\/#primaryimage\"},\"thumbnailUrl\":\"https:\\\/\\\/contaonline.pt\\\/imobiliaria\\\/wp-content\\\/uploads\\\/sites\\\/5\\\/2019\\\/01\\\/transpar\u00eancia-fiscal-impostos-contaonline.jpg\",\"keywords\":[\"Impostos\"],\"articleSection\":[\"Abrir imobili\u00e1ria\"],\"inLanguage\":\"pt-PT\",\"potentialAction\":[{\"@type\":\"CommentAction\",\"name\":\"Comment\",\"target\":[\"https:\\\/\\\/contaonline.pt\\\/imobiliaria\\\/cuidado-com-a-transparencia-fiscal-nas-imobliarias\\\/#respond\"]}]},{\"@type\":\"WebPage\",\"@id\":\"https:\\\/\\\/contaonline.pt\\\/imobiliaria\\\/cuidado-com-a-transparencia-fiscal-nas-imobliarias\\\/\",\"url\":\"https:\\\/\\\/contaonline.pt\\\/imobiliaria\\\/cuidado-com-a-transparencia-fiscal-nas-imobliarias\\\/\",\"name\":\"Cuidado com a transpar\u00eancia fiscal nas imobli\u00e1rias!\",\"isPartOf\":{\"@id\":\"https:\\\/\\\/contaonline.pt\\\/imobiliaria\\\/#website\"},\"primaryImageOfPage\":{\"@id\":\"https:\\\/\\\/contaonline.pt\\\/imobiliaria\\\/cuidado-com-a-transparencia-fiscal-nas-imobliarias\\\/#primaryimage\"},\"image\":{\"@id\":\"https:\\\/\\\/contaonline.pt\\\/imobiliaria\\\/cuidado-com-a-transparencia-fiscal-nas-imobliarias\\\/#primaryimage\"},\"thumbnailUrl\":\"https:\\\/\\\/contaonline.pt\\\/imobiliaria\\\/wp-content\\\/uploads\\\/sites\\\/5\\\/2019\\\/01\\\/transpar\u00eancia-fiscal-impostos-contaonline.jpg\",\"datePublished\":\"2019-01-15T18:52:07+00:00\",\"dateModified\":\"2022-12-05T16:33:26+00:00\",\"description\":\"Tem uma imobili\u00e1ria ou vai abri uma? Tenha cuidado para n\u00e3o cair no regime da transparencia fiscal, vai-lhe aumentar a sua carga fiscal evitadamente.\",\"breadcrumb\":{\"@id\":\"https:\\\/\\\/contaonline.pt\\\/imobiliaria\\\/cuidado-com-a-transparencia-fiscal-nas-imobliarias\\\/#breadcrumb\"},\"inLanguage\":\"pt-PT\",\"potentialAction\":[{\"@type\":\"ReadAction\",\"target\":[\"https:\\\/\\\/contaonline.pt\\\/imobiliaria\\\/cuidado-com-a-transparencia-fiscal-nas-imobliarias\\\/\"]}]},{\"@type\":\"ImageObject\",\"inLanguage\":\"pt-PT\",\"@id\":\"https:\\\/\\\/contaonline.pt\\\/imobiliaria\\\/cuidado-com-a-transparencia-fiscal-nas-imobliarias\\\/#primaryimage\",\"url\":\"https:\\\/\\\/contaonline.pt\\\/imobiliaria\\\/wp-content\\\/uploads\\\/sites\\\/5\\\/2019\\\/01\\\/transpar\u00eancia-fiscal-impostos-contaonline.jpg\",\"contentUrl\":\"https:\\\/\\\/contaonline.pt\\\/imobiliaria\\\/wp-content\\\/uploads\\\/sites\\\/5\\\/2019\\\/01\\\/transpar\u00eancia-fiscal-impostos-contaonline.jpg\",\"width\":1920,\"height\":1280},{\"@type\":\"BreadcrumbList\",\"@id\":\"https:\\\/\\\/contaonline.pt\\\/imobiliaria\\\/cuidado-com-a-transparencia-fiscal-nas-imobliarias\\\/#breadcrumb\",\"itemListElement\":[{\"@type\":\"ListItem\",\"position\":1,\"name\":\"In\u00edcio\",\"item\":\"https:\\\/\\\/contaonline.pt\\\/imobiliaria\\\/\"},{\"@type\":\"ListItem\",\"position\":2,\"name\":\"Cuidado com a transpar\u00eancia fiscal nas imobli\u00e1rias!\"}]},{\"@type\":\"WebSite\",\"@id\":\"https:\\\/\\\/contaonline.pt\\\/imobiliaria\\\/#website\",\"url\":\"https:\\\/\\\/contaonline.pt\\\/imobiliaria\\\/\",\"name\":\"Contabilidade para Imobili\u00e1rias 100% OnLine\",\"description\":\"Contabilidade para Imobili\u00e1ria, para te ajudar na abertura e gest\u00e3o da tua empresa de media\u00e7\u00e3o imobili\u00e1ria. FALA connosco AGORA\",\"publisher\":{\"@id\":\"https:\\\/\\\/contaonline.pt\\\/imobiliaria\\\/#organization\"},\"potentialAction\":[{\"@type\":\"SearchAction\",\"target\":{\"@type\":\"EntryPoint\",\"urlTemplate\":\"https:\\\/\\\/contaonline.pt\\\/imobiliaria\\\/?s={search_term_string}\"},\"query-input\":{\"@type\":\"PropertyValueSpecification\",\"valueRequired\":true,\"valueName\":\"search_term_string\"}}],\"inLanguage\":\"pt-PT\"},{\"@type\":\"Organization\",\"@id\":\"https:\\\/\\\/contaonline.pt\\\/imobiliaria\\\/#organization\",\"name\":\"Contaonline - Contabilidade Online para Imobili\u00e1rias\",\"url\":\"https:\\\/\\\/contaonline.pt\\\/imobiliaria\\\/\",\"logo\":{\"@type\":\"ImageObject\",\"inLanguage\":\"pt-PT\",\"@id\":\"https:\\\/\\\/contaonline.pt\\\/imobiliaria\\\/#\\\/schema\\\/logo\\\/image\\\/\",\"url\":\"https:\\\/\\\/contaonline.pt\\\/imobiliaria\\\/wp-content\\\/uploads\\\/sites\\\/5\\\/2018\\\/06\\\/logo_contaonline.png\",\"contentUrl\":\"https:\\\/\\\/contaonline.pt\\\/imobiliaria\\\/wp-content\\\/uploads\\\/sites\\\/5\\\/2018\\\/06\\\/logo_contaonline.png\",\"width\":246,\"height\":57,\"caption\":\"Contaonline - Contabilidade Online para Imobili\u00e1rias\"},\"image\":{\"@id\":\"https:\\\/\\\/contaonline.pt\\\/imobiliaria\\\/#\\\/schema\\\/logo\\\/image\\\/\"}},{\"@type\":\"Person\",\"@id\":\"https:\\\/\\\/contaonline.pt\\\/imobiliaria\\\/#\\\/schema\\\/person\\\/bab2ae8462a333e9189dba2eb4851c9d\",\"name\":\"Amilcar Lopes\",\"image\":{\"@type\":\"ImageObject\",\"inLanguage\":\"pt-PT\",\"@id\":\"https:\\\/\\\/secure.gravatar.com\\\/avatar\\\/7359f53581357b7e0bf9bc334403f6ca?s=96&d=mm&r=g\",\"url\":\"https:\\\/\\\/secure.gravatar.com\\\/avatar\\\/7359f53581357b7e0bf9bc334403f6ca?s=96&d=mm&r=g\",\"contentUrl\":\"https:\\\/\\\/secure.gravatar.com\\\/avatar\\\/7359f53581357b7e0bf9bc334403f6ca?s=96&d=mm&r=g\",\"caption\":\"Amilcar Lopes\"},\"description\":\"Sou consultor e contabilista certificado. A minha atividade profissional tem sido realizada no mundo das empresas e no imobili\u00e1rio: 30 anos em promo\u00e7\u00e3o, constru\u00e7\u00e3o e media\u00e7\u00e3o imobili\u00e1ria, 20 anos em contabilidade e gest\u00e3o.\"}]}<\/script>\n<!-- \/ Yoast SEO plugin. -->","yoast_head_json":{"title":"Cuidado com a transpar\u00eancia fiscal nas imobli\u00e1rias!","description":"Tem uma imobili\u00e1ria ou vai abri uma? Tenha cuidado para n\u00e3o cair no regime da transparencia fiscal, vai-lhe aumentar a sua carga fiscal evitadamente.","robots":{"index":"index","follow":"follow","max-snippet":"max-snippet:-1","max-image-preview":"max-image-preview:large","max-video-preview":"max-video-preview:-1"},"canonical":"https:\/\/contaonline.pt\/imobiliaria\/cuidado-com-a-transparencia-fiscal-nas-imobliarias\/","og_locale":"pt_PT","og_type":"article","og_title":"Cuidado com a transpar\u00eancia fiscal nas imobli\u00e1rias!","og_description":"Tem uma imobili\u00e1ria ou vai abri uma? Tenha cuidado para n\u00e3o cair no regime da transparencia fiscal, vai-lhe aumentar a sua carga fiscal evitadamente.","og_url":"https:\/\/contaonline.pt\/imobiliaria\/cuidado-com-a-transparencia-fiscal-nas-imobliarias\/","og_site_name":"Contabilidade Imobiliarias","article_published_time":"2019-01-15T18:52:07+00:00","article_modified_time":"2022-12-05T16:33:26+00:00","og_image":[{"width":1920,"height":1280,"url":"https:\/\/contaonline.pt\/imobiliaria\/wp-content\/uploads\/sites\/5\/2019\/01\/transpar\u00eancia-fiscal-impostos-contaonline.jpg","type":"image\/jpeg"}],"author":"Amilcar Lopes","twitter_card":"summary_large_image","twitter_misc":{"Escrito por":"Amilcar Lopes","Tempo estimado de leitura":"3 minutos"},"schema":{"@context":"https:\/\/schema.org","@graph":[{"@type":"Article","@id":"https:\/\/contaonline.pt\/imobiliaria\/cuidado-com-a-transparencia-fiscal-nas-imobliarias\/#article","isPartOf":{"@id":"https:\/\/contaonline.pt\/imobiliaria\/cuidado-com-a-transparencia-fiscal-nas-imobliarias\/"},"author":{"name":"Amilcar Lopes","@id":"https:\/\/contaonline.pt\/imobiliaria\/#\/schema\/person\/bab2ae8462a333e9189dba2eb4851c9d"},"headline":"Cuidado com a transpar\u00eancia fiscal nas imobli\u00e1rias!","datePublished":"2019-01-15T18:52:07+00:00","dateModified":"2022-12-05T16:33:26+00:00","mainEntityOfPage":{"@id":"https:\/\/contaonline.pt\/imobiliaria\/cuidado-com-a-transparencia-fiscal-nas-imobliarias\/"},"wordCount":636,"commentCount":6,"publisher":{"@id":"https:\/\/contaonline.pt\/imobiliaria\/#organization"},"image":{"@id":"https:\/\/contaonline.pt\/imobiliaria\/cuidado-com-a-transparencia-fiscal-nas-imobliarias\/#primaryimage"},"thumbnailUrl":"https:\/\/contaonline.pt\/imobiliaria\/wp-content\/uploads\/sites\/5\/2019\/01\/transpar\u00eancia-fiscal-impostos-contaonline.jpg","keywords":["Impostos"],"articleSection":["Abrir imobili\u00e1ria"],"inLanguage":"pt-PT","potentialAction":[{"@type":"CommentAction","name":"Comment","target":["https:\/\/contaonline.pt\/imobiliaria\/cuidado-com-a-transparencia-fiscal-nas-imobliarias\/#respond"]}]},{"@type":"WebPage","@id":"https:\/\/contaonline.pt\/imobiliaria\/cuidado-com-a-transparencia-fiscal-nas-imobliarias\/","url":"https:\/\/contaonline.pt\/imobiliaria\/cuidado-com-a-transparencia-fiscal-nas-imobliarias\/","name":"Cuidado com a transpar\u00eancia fiscal nas imobli\u00e1rias!","isPartOf":{"@id":"https:\/\/contaonline.pt\/imobiliaria\/#website"},"primaryImageOfPage":{"@id":"https:\/\/contaonline.pt\/imobiliaria\/cuidado-com-a-transparencia-fiscal-nas-imobliarias\/#primaryimage"},"image":{"@id":"https:\/\/contaonline.pt\/imobiliaria\/cuidado-com-a-transparencia-fiscal-nas-imobliarias\/#primaryimage"},"thumbnailUrl":"https:\/\/contaonline.pt\/imobiliaria\/wp-content\/uploads\/sites\/5\/2019\/01\/transpar\u00eancia-fiscal-impostos-contaonline.jpg","datePublished":"2019-01-15T18:52:07+00:00","dateModified":"2022-12-05T16:33:26+00:00","description":"Tem uma imobili\u00e1ria ou vai abri uma? Tenha cuidado para n\u00e3o cair no regime da transparencia fiscal, vai-lhe aumentar a sua carga fiscal evitadamente.","breadcrumb":{"@id":"https:\/\/contaonline.pt\/imobiliaria\/cuidado-com-a-transparencia-fiscal-nas-imobliarias\/#breadcrumb"},"inLanguage":"pt-PT","potentialAction":[{"@type":"ReadAction","target":["https:\/\/contaonline.pt\/imobiliaria\/cuidado-com-a-transparencia-fiscal-nas-imobliarias\/"]}]},{"@type":"ImageObject","inLanguage":"pt-PT","@id":"https:\/\/contaonline.pt\/imobiliaria\/cuidado-com-a-transparencia-fiscal-nas-imobliarias\/#primaryimage","url":"https:\/\/contaonline.pt\/imobiliaria\/wp-content\/uploads\/sites\/5\/2019\/01\/transpar\u00eancia-fiscal-impostos-contaonline.jpg","contentUrl":"https:\/\/contaonline.pt\/imobiliaria\/wp-content\/uploads\/sites\/5\/2019\/01\/transpar\u00eancia-fiscal-impostos-contaonline.jpg","width":1920,"height":1280},{"@type":"BreadcrumbList","@id":"https:\/\/contaonline.pt\/imobiliaria\/cuidado-com-a-transparencia-fiscal-nas-imobliarias\/#breadcrumb","itemListElement":[{"@type":"ListItem","position":1,"name":"In\u00edcio","item":"https:\/\/contaonline.pt\/imobiliaria\/"},{"@type":"ListItem","position":2,"name":"Cuidado com a transpar\u00eancia fiscal nas imobli\u00e1rias!"}]},{"@type":"WebSite","@id":"https:\/\/contaonline.pt\/imobiliaria\/#website","url":"https:\/\/contaonline.pt\/imobiliaria\/","name":"Contabilidade para Imobili\u00e1rias 100% OnLine","description":"Contabilidade para Imobili\u00e1ria, para te ajudar na abertura e gest\u00e3o da tua empresa de media\u00e7\u00e3o imobili\u00e1ria. FALA connosco AGORA","publisher":{"@id":"https:\/\/contaonline.pt\/imobiliaria\/#organization"},"potentialAction":[{"@type":"SearchAction","target":{"@type":"EntryPoint","urlTemplate":"https:\/\/contaonline.pt\/imobiliaria\/?s={search_term_string}"},"query-input":{"@type":"PropertyValueSpecification","valueRequired":true,"valueName":"search_term_string"}}],"inLanguage":"pt-PT"},{"@type":"Organization","@id":"https:\/\/contaonline.pt\/imobiliaria\/#organization","name":"Contaonline - Contabilidade Online para Imobili\u00e1rias","url":"https:\/\/contaonline.pt\/imobiliaria\/","logo":{"@type":"ImageObject","inLanguage":"pt-PT","@id":"https:\/\/contaonline.pt\/imobiliaria\/#\/schema\/logo\/image\/","url":"https:\/\/contaonline.pt\/imobiliaria\/wp-content\/uploads\/sites\/5\/2018\/06\/logo_contaonline.png","contentUrl":"https:\/\/contaonline.pt\/imobiliaria\/wp-content\/uploads\/sites\/5\/2018\/06\/logo_contaonline.png","width":246,"height":57,"caption":"Contaonline - Contabilidade Online para Imobili\u00e1rias"},"image":{"@id":"https:\/\/contaonline.pt\/imobiliaria\/#\/schema\/logo\/image\/"}},{"@type":"Person","@id":"https:\/\/contaonline.pt\/imobiliaria\/#\/schema\/person\/bab2ae8462a333e9189dba2eb4851c9d","name":"Amilcar Lopes","image":{"@type":"ImageObject","inLanguage":"pt-PT","@id":"https:\/\/secure.gravatar.com\/avatar\/7359f53581357b7e0bf9bc334403f6ca?s=96&d=mm&r=g","url":"https:\/\/secure.gravatar.com\/avatar\/7359f53581357b7e0bf9bc334403f6ca?s=96&d=mm&r=g","contentUrl":"https:\/\/secure.gravatar.com\/avatar\/7359f53581357b7e0bf9bc334403f6ca?s=96&d=mm&r=g","caption":"Amilcar Lopes"},"description":"Sou consultor e contabilista certificado. A minha atividade profissional tem sido realizada no mundo das empresas e no imobili\u00e1rio: 30 anos em promo\u00e7\u00e3o, constru\u00e7\u00e3o e media\u00e7\u00e3o imobili\u00e1ria, 20 anos em contabilidade e gest\u00e3o."}]}},"_links":{"self":[{"href":"https:\/\/contaonline.pt\/imobiliaria\/wp-json\/wp\/v2\/posts\/475","targetHints":{"allow":["GET"]}}],"collection":[{"href":"https:\/\/contaonline.pt\/imobiliaria\/wp-json\/wp\/v2\/posts"}],"about":[{"href":"https:\/\/contaonline.pt\/imobiliaria\/wp-json\/wp\/v2\/types\/post"}],"author":[{"embeddable":true,"href":"https:\/\/contaonline.pt\/imobiliaria\/wp-json\/wp\/v2\/users\/1"}],"replies":[{"embeddable":true,"href":"https:\/\/contaonline.pt\/imobiliaria\/wp-json\/wp\/v2\/comments?post=475"}],"version-history":[{"count":3,"href":"https:\/\/contaonline.pt\/imobiliaria\/wp-json\/wp\/v2\/posts\/475\/revisions"}],"predecessor-version":[{"id":720,"href":"https:\/\/contaonline.pt\/imobiliaria\/wp-json\/wp\/v2\/posts\/475\/revisions\/720"}],"wp:featuredmedia":[{"embeddable":true,"href":"https:\/\/contaonline.pt\/imobiliaria\/wp-json\/wp\/v2\/media\/476"}],"wp:attachment":[{"href":"https:\/\/contaonline.pt\/imobiliaria\/wp-json\/wp\/v2\/media?parent=475"}],"wp:term":[{"taxonomy":"category","embeddable":true,"href":"https:\/\/contaonline.pt\/imobiliaria\/wp-json\/wp\/v2\/categories?post=475"},{"taxonomy":"post_tag","embeddable":true,"href":"https:\/\/contaonline.pt\/imobiliaria\/wp-json\/wp\/v2\/tags?post=475"}],"curies":[{"name":"wp","href":"https:\/\/api.w.org\/{rel}","templated":true}]}}