{"id":351,"date":"2018-09-14T11:51:54","date_gmt":"2018-09-14T11:51:54","guid":{"rendered":"https:\/\/contaonline.pt\/imobiliaria\/?p=351"},"modified":"2022-12-05T16:29:56","modified_gmt":"2022-12-05T16:29:56","slug":"contrato-mediacao-imobiliaria-novas-regras-a-partir-de-15-de-agosto-de-2018","status":"publish","type":"post","link":"https:\/\/contaonline.pt\/imobiliaria\/contrato-mediacao-imobiliaria-novas-regras-a-partir-de-15-de-agosto-de-2018\/","title":{"rendered":"Contrato media\u00e7\u00e3o imobili\u00e1ria - novas regras a partir de 15 de Agosto de 2018"},"content":{"rendered":"<div id=\"dslc-content\" class=\"dslc-content dslc-clearfix\"><div id=\"dslc-header\" class=\"dslc-header-pos-relative \" data-hf >\r\n\t\t\t<div  class=\"dslc-modules-section \" style=\"padding-top:10px;padding-bottom:10px;background-color:rgba(0,0,0,0);border-color:#cd2026;border-width:2px;border-right-style: hidden; border-bottom-style: hidden; border-left-style: hidden; \" data-section-id=\"32865561db0\">\r\n\t\t\t\t<div class=\"dslc-bg-video dslc-force-show\"><div class=\"dslc-bg-video-overlay\" style=\"background-color:#ffffff; opacity:0.7; \"><\/div><\/div>\r\n\t\t\t\t\r\n\t\t\t\t<div class=\"dslc-modules-section-wrapper dslc-clearfix\"><div  class=\"dslc-modules-area dslc-col dslc-3-col dslc-first-col dslc-valign- \" data-size=\"3\" data-valign=\"\" data-modules-area-id=\"\" ><style type=\"text\/css\" id=\"dslca-modules-area-\"><\/style>\r\n\t\t<div id=\"dslc-module-7667b3404be\" class=\"dslc-module-front dslc-module-DSLC_Image dslc-in-viewport-check dslc-in-viewport-anim-none  dslc-col dslc-12-col dslc-last-col  dslc-module-handle-like-regular \" data-module-id=\"7667b3404be\" data-module=\"DSLC_Image\" data-dslc-module-size=\"12\" data-dslc-anim=\"none\" data-dslc-anim-delay=\"\" data-dslc-anim-duration=\"650\"  data-dslc-anim-easing=\"ease\" data-dslc-preset=\"none\" >\r\n\r\n\t\t\t\r\n\t\t\t\r\n\t\t\t\t<div class=\"dslc-image-container\">\r\n\t\t<div class=\"dslc-image\">\r\n\r\n\t\t\t\r\n\t\t\t\t\r\n\t\t\t\t\t\t\t\t\t<a class=\"\" href=\"https:\/\/contaonline.pt\/imobiliaria\" target=\"_self\"  >\r\n\t\t\t\t\t\t\t\t\t<img src=\"https:\/\/contaonline.pt\/imobiliaria\/wp-content\/uploads\/sites\/5\/2018\/06\/logo_contaonline.png\" alt=\"\" title=\"\"   \/>\r\n\t\t\t\t\t\t\t\t\t<\/a>\r\n\t\t\t\t\r\n\t\t\t\t\t\t\t\t\t<\/div><!-- .dslc-image -->\r\n\t\t<\/div>\r\n\t\t\r\n\t\t\t\t<\/div><!-- .dslc-module -->\r\n\t\t<\/div><div  class=\"dslc-modules-area dslc-col dslc-9-col dslc-last-col dslc-valign- \" data-size=\"9\" data-valign=\"\" data-modules-area-id=\"\" ><style type=\"text\/css\" id=\"dslca-modules-area-\"><\/style>\r\n\t\t<div id=\"dslc-module-9908136acc6\" class=\"dslc-module-front dslc-module-DSLC_Navigation dslc-in-viewport-check dslc-in-viewport-anim-none  dslc-col dslc-12-col dslc-last-col  dslc-module-handle-like-regular \" data-module-id=\"9908136acc6\" data-module=\"DSLC_Navigation\" data-dslc-module-size=\"12\" data-dslc-anim=\"none\" data-dslc-anim-delay=\"0\" data-dslc-anim-duration=\"650\"  data-dslc-anim-easing=\"default\" data-dslc-preset=\"none\" >\r\n\r\n\t\t\t\r\n\t\t\t\r\n\t\t\t\t\t<div class=\"dslc-navigation dslc-navigation-sub-position-default dslc-navigation-res-t-enabled dslc-navigation-res-p-enabled dslc-navigation-orientation-horizontal\">\n\t\t\t\t<div class=\"dslc-navigation-inner\">\n\t\t\t\t\t<div class=\"menu-cabecalho-container\"><ul id=\"menu-cabecalho\" class=\"menu\"><li id=\"menu-item-1004\" class=\"menu-item menu-item-type-custom menu-item-object-custom menu-item-home menu-item-1004\"><a href=\"https:\/\/contaonline.pt\/imobiliaria\/\">In\u00edcio<\/a><\/li>\n<li id=\"menu-item-702\" class=\"menu-item menu-item-type-post_type menu-item-object-page menu-item-702\"><a href=\"https:\/\/contaonline.pt\/imobiliaria\/abrir-imobiliaria\/\">Abrir Imobili\u00e1ria<\/a><\/li>\n<li id=\"menu-item-701\" class=\"menu-item menu-item-type-post_type menu-item-object-page menu-item-701\"><a href=\"https:\/\/contaonline.pt\/imobiliaria\/mudar-contabilidade-digital\/\">Mudar<\/a><\/li>\n<li id=\"menu-item-700\" class=\"menu-item menu-item-type-post_type menu-item-object-page menu-item-700\"><a href=\"https:\/\/contaonline.pt\/imobiliaria\/artigos-abrir-imobiliaria-contaonline-contabilidade\/\">Blog<\/a><\/li>\n<li id=\"menu-item-698\" class=\"menu-item menu-item-type-post_type menu-item-object-page menu-item-698\"><a href=\"https:\/\/contaonline.pt\/imobiliaria\/recrutamento\/\">Recrutamento<\/a><\/li>\n<li id=\"menu-item-699\" class=\"menu-item menu-item-type-post_type menu-item-object-page menu-item-699\"><a href=\"https:\/\/contaonline.pt\/imobiliaria\/contato\/\">Contato<\/a><\/li>\n<\/ul><\/div>\n\t\t\t\t\t\t\t\t\t<\/div>\n\t\t\t<\/div>\n\t\t\t<div class=\"dslc-mobile-navigation dslc-navigation-res-t-enabled  dslc-navigation-res-p-enabled\">\n\t\t\t\t<select><option>- Select -<\/option><option value=\"https:\/\/contaonline.pt\/imobiliaria\/\" >In\u00edcio<\/option><option value=\"https:\/\/contaonline.pt\/imobiliaria\/abrir-imobiliaria\/\" >Abrir Imobili\u00e1ria<\/option><option value=\"https:\/\/contaonline.pt\/imobiliaria\/mudar-contabilidade-digital\/\" >Mudar<\/option><option value=\"https:\/\/contaonline.pt\/imobiliaria\/artigos-abrir-imobiliaria-contaonline-contabilidade\/\" >Blog<\/option><option value=\"https:\/\/contaonline.pt\/imobiliaria\/recrutamento\/\" >Recrutamento<\/option><option value=\"https:\/\/contaonline.pt\/imobiliaria\/contato\/\" >Contato<\/option><\/select>\n\t\t\t\t<div class=\"dslc-mobile-navigation-hook\"><span class=\"dslc-icon dslc-icon-reorder\"><\/span><\/div>\n\t\t\t<\/div><!-- .dslc-mobile-navigation -->\n\n\t\t\t\n\t\t\t<script type=\"text\/javascript\">\n\t\t\t\tvar menuItems = document.querySelectorAll( '.dslc-navigation .menu > li.menu-item-has-children:not(.menu-with-arrow) > a' );\n\n\t\t\t\tfor (var i = 0, len = menuItems.length; i < len; i++) {\n\t\t\t\t  menuItems[i].insertAdjacentHTML('afterend', '<span class=\"dslc-navigation-arrow dslc-icon dslc-icon-chevron-down\"><\/span>');\n\t\t\t\t  menuItems[i].parentElement.className += \" menu-with-arrow\";\n\t\t\t\t}\n\t\t\t<\/script>\n\t\t\t\r\n\t\t\t\t<\/div><!-- .dslc-module -->\r\n\t\t<\/div><\/div><\/div><\/div><div id=\"dslc-main\">\r\n\t\t\t<div  class=\"dslc-modules-section \" style=\"padding-top:20px;padding-bottom:20px;\" data-section-id=\"032ece486bc\">\r\n\t\t\t\t\r\n\t\t\t\t\r\n\t\t\t\t<div class=\"dslc-modules-section-wrapper dslc-clearfix\"><div  class=\"dslc-modules-area dslc-col dslc-12-col dslc-last-col dslc-valign- \" data-size=\"12\" data-valign=\"\" data-modules-area-id=\"\" ><style type=\"text\/css\" id=\"dslca-modules-area-\"><\/style>\r\n\t\t<div id=\"dslc-module-ec9aefbda95\" class=\"dslc-module-front dslc-module-DSLC_TP_Title dslc-in-viewport-check dslc-in-viewport-anim-none  dslc-col dslc-12-col dslc-last-col  dslc-module-handle-like-regular \" data-module-id=\"ec9aefbda95\" data-module=\"DSLC_TP_Title\" data-dslc-module-size=\"12\" data-dslc-anim=\"none\" data-dslc-anim-delay=\"\" data-dslc-anim-duration=\"650\"  data-dslc-anim-easing=\"ease\" data-dslc-preset=\"none\" >\r\n\r\n\t\t\t\r\n\t\t\t\r\n\t\t\r\n\t<div class=\"dslc-tp-title\">\r\n\t\t\t\t\t<div class=\"dslc-tp-title\"><h1>Contrato media\u00e7\u00e3o imobili\u00e1ria - novas regras a partir de 15 de Agosto de 2018<\/h1><\/div>\r\n\t\t\t<\/div>\r\n\r\n\t\r\n\t\t\t\t<\/div><!-- .dslc-module -->\r\n\t\t\r\n\t\t<div id=\"dslc-module-0fb9f19550e\" class=\"dslc-module-front dslc-module-DSLC_TP_Excerpt dslc-in-viewport-check dslc-in-viewport-anim-none  dslc-col dslc-12-col dslc-last-col  dslc-module-handle-like-regular \" data-module-id=\"0fb9f19550e\" data-module=\"DSLC_TP_Excerpt\" data-dslc-module-size=\"12\" data-dslc-anim=\"none\" data-dslc-anim-delay=\"\" data-dslc-anim-duration=\"650\"  data-dslc-anim-easing=\"ease\" data-dslc-preset=\"none\" >\r\n\r\n\t\t\t\r\n\t\t\t\r\n\t\t\r\n\t\t\t\t<\/div><!-- .dslc-module -->\r\n\t\t<\/div><\/div><\/div>\r\n\t\t\t<div  class=\"dslc-modules-section \" style=\"padding-top:20px;padding-bottom:20px;background-color:rgba(230, 230, 230, 0);border-color:rgb(230, 230, 230);border-width:1px;border-right-style: hidden; border-bottom-style: hidden; border-left-style: hidden; \" data-section-id=\"3c80b6d6bc1\">\r\n\t\t\t\t\r\n\t\t\t\t\r\n\t\t\t\t<div class=\"dslc-modules-section-wrapper dslc-clearfix\"><div  class=\"dslc-modules-area dslc-col dslc-8-col dslc-first-col dslc-valign- \" data-size=\"8\" data-valign=\"\" data-modules-area-id=\"\" ><style type=\"text\/css\" id=\"dslca-modules-area-\"><\/style>\r\n\t\t<div id=\"dslc-module-8f10769f814\" class=\"dslc-module-front dslc-module-DSLC_TP_Meta dslc-in-viewport-check dslc-in-viewport-anim-none  dslc-col dslc-12-col dslc-last-col  dslc-module-handle-like-regular \" data-module-id=\"8f10769f814\" data-module=\"DSLC_TP_Meta\" data-dslc-module-size=\"12\" data-dslc-anim=\"none\" data-dslc-anim-delay=\"\" data-dslc-anim-duration=\"650\"  data-dslc-anim-easing=\"ease\" data-dslc-preset=\"none\" >\r\n\r\n\t\t\t\r\n\t\t\t\r\n\t\t\r\n\t\t\t\t<div class=\"dslc-tp-meta dslc-tp-meta-horizontal\">\r\n\t\t\t\t\t<ul class=\"dslc-clearfix\">\r\n\r\n\t\t\t\t\t\t\t\t\t\t\t\t\t<li>14 Setembro, 2018<\/li>\r\n\t\t\t\t\t\t\r\n\t\t\t\t\t\t\r\n\t\t\t\t\t\t\t\t\t\t\t\t\t\t\t\t\t\t\t\t\t<li><a href=\"https:\/\/contaonline.pt\/imobiliaria\/category\/abrir-imobiliaria\/\">Abrir imobili\u00e1ria<\/a><\/li>\t\t\t\t\t\t\t\t\t\t\t\t\t\r\n\t\t\t\t\t\t\r\n\t\t\t\t\t\t\r\n\t\t\t\t\t<\/ul>\r\n\t\t\t\t<\/div>\r\n\r\n\t\t\t\r\n\t\t\t\t<\/div><!-- .dslc-module -->\r\n\t\t\r\n\t\t<div id=\"dslc-module-6dd53aefb66\" class=\"dslc-module-front dslc-module-DSLC_TP_Content dslc-in-viewport-check dslc-in-viewport-anim-none  dslc-col dslc-12-col dslc-last-col  dslc-module-handle-like-regular \" data-module-id=\"6dd53aefb66\" data-module=\"DSLC_TP_Content\" data-dslc-module-size=\"12\" data-dslc-anim=\"none\" data-dslc-anim-delay=\"\" data-dslc-anim-duration=\"650\"  data-dslc-anim-easing=\"ease\" data-dslc-preset=\"none\" >\r\n\r\n\t\t\t\r\n\t\t\t\r\n\t\t\t\t<div class=\"dslc-tp-content\">\r\n\t\t\t<h2>O contrato de media\u00e7\u00e3o imobili\u00e1ria tem um novo modelo em vigor a partir de Agosto de 2018<\/h2>\n<p>A <a href=\"https:\/\/contaonline.pt\/imobiliaria\/wp-content\/uploads\/sites\/5\/2018\/09\/Portaria-228_2018-agosto-2018.pdf\" target=\"_blank\" rel=\"noopener\">portaria 228\/2018<\/a>, alterou as regras de car\u00e1cter obrigat\u00f3rio aos contratos de media\u00e7\u00e3o imobili\u00e1ria com aplica\u00e7\u00e3o a todas as a\u00e7\u00f5es de promo\u00e7\u00e3o, divulga\u00e7\u00e3o, prospec\u00e7\u00e3o, recolha de informa\u00e7\u00e3o, etc ... dos neg\u00f3cios realizados nas empresas de media\u00e7\u00e3o imobili\u00e1ria.<\/p>\n<h4>Modelos de Contratos<\/h4>\n<p>A presente portaria aprova o modelo (modelo em anexo no fim deste artigo) de contrato de media\u00e7\u00e3o imobili\u00e1ria com cl\u00e1usulas contratuais gerais, a que se refere o artigo 3.\u00ba do\u00a0Decreto-Lei n.\u00ba 102\/2017, de 23 de agosto, que altera o artigo 16.\u00ba da\u00a0Lei n.\u00ba 15\/2013, de 8 de fevereiro.<\/p>\n<h4>Dispensa do procedimento de aprova\u00e7\u00e3o pr\u00e9via<\/h4>\n<ol>\n<li>A empresa de media\u00e7\u00e3o imobili\u00e1ria que opte por utilizar o modelo de contrato com cl\u00e1usulas contratuais gerais anexo \u00e0 presente portaria, fica dispensada de submeter a aprova\u00e7\u00e3o pr\u00e9via o contrato de media\u00e7\u00e3o imobili\u00e1ria.<\/li>\n<li>A empresa de media\u00e7\u00e3o imobili\u00e1ria que opte por utilizar o modelo anexo \u00e0 presente portaria, envia-o para dep\u00f3sito ao IMPIC, I. P., devidamente preenchido com os seguintes dados identificativos da Mediadora, at\u00e9 5 dias \u00fateis antes da sua utiliza\u00e7\u00e3o, para o correio eletr\u00f3nico do IMPIC, I. P., dispon\u00edvel em cmi@impic.pt:\u00a0a) Identifica\u00e7\u00e3o completa da empresa de media\u00e7\u00e3o imobili\u00e1ria, nomeadamente designa\u00e7\u00e3o social, NIPC, sede social e n\u00famero de licen\u00e7a AMI junto do IMPIC, I. P.; b) Endere\u00e7o eletr\u00f3nico de contacto da entidade.<\/li>\n<li>O IMPIC, I. P., disponibiliza, no respetivo s\u00edtio da Internet, uma vers\u00e3o em suporte digital do modelo de contrato de media\u00e7\u00e3o imobili\u00e1ria com cl\u00e1usulas contratuais gerais de media\u00e7\u00e3o imobili\u00e1ria, para consulta e recolha pelos interessados.<\/li>\n<\/ol>\n<h4>Procedimento de valida\u00e7\u00e3o de contratos n\u00e3o dispensados<\/h4>\n<ol>\n<li>Est\u00e3o sujeitos a aprova\u00e7\u00e3o pr\u00e9via pelo IMPIC, I. P., os modelos de contrato de media\u00e7\u00e3o imobili\u00e1ria com cl\u00e1usulas contratuais gerais.<\/li>\n<li>Para efeitos do disposto no n\u00famero anterior, as empresas de media\u00e7\u00e3o imobili\u00e1ria devem proceder \u00e0 comunica\u00e7\u00e3o do modelo de contrato antes do in\u00edcio da sua utiliza\u00e7\u00e3o, bem como \u00e0 comunica\u00e7\u00e3o das ulteriores altera\u00e7\u00f5es.<\/li>\n<li>A comunica\u00e7\u00e3o pr\u00e9via do modelo de contrato \u00e9 efetuada atrav\u00e9s do envio para o endere\u00e7o de correio eletr\u00f3nico do IMPIC, I. P., dispon\u00edvel em cmi@impic.pt, acompanhado dos seguintes elementos: a) Identifica\u00e7\u00e3o completa da empresa de media\u00e7\u00e3o imobili\u00e1ria, nomeadamente designa\u00e7\u00e3o social, NIPC, sede social e n\u00famero de licen\u00e7a AMI junto do IMPIC, I. P.; b) Endere\u00e7o eletr\u00f3nico de contacto da entidade.<\/li>\n<li>O IMPIC, I. P. analisa e valida o modelo de contrato, na sua vers\u00e3o inicial, bem como as ulteriores altera\u00e7\u00f5es, no prazo de 20 dias \u00fateis, contados da sua rece\u00e7\u00e3o.<\/li>\n<li>O prazo referido no n\u00famero anterior suspende-se quando o IMPIC, I. P. solicitar informa\u00e7\u00f5es \u00e0 empresa requerente ou solicitar altera\u00e7\u00f5es ao modelo de contrato, retomando a sua contagem quando esses elementos forem apresentados.<\/li>\n<li>O modelo de contrato com cl\u00e1usulas contratuais gerais n\u00e3o pode ser utilizado enquanto n\u00e3o tiver sido validado, nos termos do disposto nos n\u00fameros anteriores.<\/li>\n<\/ol>\n<h4>Prote\u00e7\u00e3o de dados<\/h4>\n<p>O procedimento de aprova\u00e7\u00e3o pr\u00e9via previsto no presente diploma, quando exigido, deve observar os princ\u00edpios gerais enunciados no\u00a0<a title=\"Link para Regulamento da Uni\u00e3o Europeia\" href=\"https:\/\/dre.pt\/application\/external\/eurolex?16R0679\" target=\"_blank\" rel=\"nofollow noopener\">Regulamento (UE) 2016\/679<\/a>, do Parlamento Europeu e do Conselho, de 27 de abril de 2016, e restante legisla\u00e7\u00e3o aplic\u00e1vel, no que diz respeito ao tratamento de dados pessoais.<\/p>\n<h4>Empresas de media\u00e7\u00e3o imobili\u00e1ria isentas<\/h4>\n<p>As empresas de media\u00e7\u00e3o imobili\u00e1ria que tenham celebrado contratos aprovados pela Dire\u00e7\u00e3o-Geral do Consumidor nos termos do disposto no artigo 16.\u00ba da\u00a0<a title=\"Lei n.\u00ba 15\/2013\" href=\"https:\/\/dre.pt\/web\/guest\/pesquisa\/-\/search\/257806\/details\/normal?l=1\" target=\"_blank\" rel=\"nofollow noopener\">Lei n.\u00ba 15\/2013<\/a>, de 8 de fevereiro, n\u00e3o est\u00e3o obrigadas a submeter nova aprova\u00e7\u00e3o de contrato desde que este n\u00e3o tenha havido nenhuma altera\u00e7\u00e3o do mesmo.<\/p>\n<h3>Conclus\u00e3o<\/h3>\n<p>As\u00a0cl\u00e1usulas <strong>contratuais gerais<\/strong> dos contratos de media\u00e7\u00e3o imobili\u00e1ria<strong>,<\/strong>\u00a0determinadas pela lei , n\u00e3o podem ser negociadas nem alteradas. O cliente da imobili\u00e1ria limita-se a aceitar ou recusar as cl\u00e1usulas pr\u00e9-elaboradas. As empresas de media\u00e7\u00e3o imobili\u00e1ria que optarem\u00a0pelo modelo de contrato aprovado por lei, ficam dispensadas de submeter a aprova\u00e7\u00e3o pr\u00e9via.<\/p>\n<blockquote>\n<h5>Anexo<\/h5>\n<p><strong>Modelo de contrato de media\u00e7\u00e3o imobili\u00e1ria com cl\u00e1usulas contratuais gerais\u00a0<\/strong><span style=\"font-size: 8pt;\">(a que se refere o artigo 2.\u00ba, n.\u00ba 1 \/ portaria 228.2018)<\/span><\/p>\n<p><span style=\"font-size: 10pt;\"> Contrato de media\u00e7\u00e3o imobili\u00e1ria n.\u00ba___\/___<\/span><\/p>\n<p>Entre<\/p>\n<p>___, com sede social na ___, com o capital social de ___ Euros, e com o NIPC ___, matriculada na Conservat\u00f3ria do Registo Comercial de ___, sob o n.\u00ba ___, detentora da licen\u00e7a AMI n.\u00ba ___, emitida pelo Instituto dos Mercados P\u00fablicos, do Imobili\u00e1rio e da Constru\u00e7\u00e3o I. P. (IMPIC, I. P.), adiante designada como Mediadora,<\/p>\n<p>e<\/p>\n<p>___ (nome do cliente pessoa singular ou coletiva), (estado civil) ___, sob o regime de bens ___, com (c\u00f4njuge) ___, residente(s) na ___, em ___, portador(es) do(s) CC\/BI n.os ___ e ___, e contribuinte(s) fiscal(is) n.os ___ e ___, aqui representada pelo seu s\u00f3cio gerente\/administrador\/procurador\/gestor de neg\u00f3cios com poderes para o ato, com domic\u00edlio profissional na sede da sua representada, adiante designado(s) como Segundo(s) Contratante(s) na qualidade de ___ (Propriet\u00e1rio; Senhorio; Trespassante; Outro), \u00e9 celebrado o presente Contrato de Media\u00e7\u00e3o Imobili\u00e1ria que se rege pelas seguintes cl\u00e1usulas:<\/p>\n<p><strong>Cl\u00e1usula 1.\u00aa -\u00a0Identifica\u00e7\u00e3o do Im\u00f3vel<\/strong><\/p>\n<p>O Segundo Contratante \u00e9 propriet\u00e1rio e leg\u00edtimo possuidor da fra\u00e7\u00e3o aut\u00f3noma\/pr\u00e9dio (r\u00fastico\/urbano)\/estabelecimento comercial, destinado(a) a ___, sendo constitu\u00eddo por ___ divis\u00f5es assoalhadas, com \u00e1rea total de ___ m2, sito na (Rua, Avenida) ___, em ___, (freguesia) ___, (concelho) ___, descrito na Conservat\u00f3ria do Registo Predial de ___, sob a ficha n.\u00ba ___, com licen\u00e7a de constru\u00e7\u00e3o\/utiliza\u00e7\u00e3o n.\u00ba ___, emitida pela C\u00e2mara Municipal de ___, em ___\/___\/___ e inscrito na matriz predial (urbana\/r\u00fastica) com o artigo n.\u00ba ___ da freguesia de ___.<\/p>\n<p><strong>Cl\u00e1usula 2.\u00aa - Identifica\u00e7\u00e3o do Neg\u00f3cio<\/strong><\/p>\n<p>1 - A Mediadora obriga-se a diligenciar no sentido de conseguir interessado na __ Compra ___ Trespasse ___ Arrendamento ___, pelo pre\u00e7o de ___ Euros (___), desenvolvendo para o efeito a\u00e7\u00f5es de promo\u00e7\u00e3o e recolha de informa\u00e7\u00f5es sobre os neg\u00f3cios pretendidos e caracter\u00edsticas dos respetivos im\u00f3veis.<\/p>\n<p>2 - Qualquer altera\u00e7\u00e3o ao pre\u00e7o fixado no n\u00famero anterior dever\u00e1 ser comunicada de imediato e por escrito \u00e0 Mediadora.<\/p>\n<p><strong>Cl\u00e1usula 3.\u00aa - \u00d3nus e Encargos<\/strong><\/p>\n<p>O im\u00f3vel encontra-se livre de quaisquer \u00f3nus ou encargos.<\/p>\n<p>OU<\/p>\n<p>O Segundo Contratante declara que sobre o im\u00f3vel descrito na cl\u00e1usula 1.\u00aa recaem os seguintes \u00f3nus e encargos (hipotecas e penhoras) ___, pelo valor de ___ Euros.<\/p>\n<p><strong>Cl\u00e1usula 4.\u00aa - Regime de Contrata\u00e7\u00e3o<\/strong><\/p>\n<p>1 - O Segundo Contratante contrata a Mediadora em regime de ___ n\u00e3o exclusividade\/__ exclusividade.<\/p>\n<p>2 - O regime de exclusividade previsto no presente contrato implica que s\u00f3 a Mediadora contratada tem o direito de promover o neg\u00f3cio objeto do contrato de media\u00e7\u00e3o imobili\u00e1ria durante o respetivo per\u00edodo de vig\u00eancia.<\/p>\n<p><strong>Cl\u00e1usula 5.\u00aa - Remunera\u00e7\u00e3o<\/strong><\/p>\n<p>1 - A remunera\u00e7\u00e3o s\u00f3 ser\u00e1 devida se a Mediadora conseguir interessado que concretize o neg\u00f3cio visado pelo presente contrato, nos termos e com as exce\u00e7\u00f5es previstas no artigo 19.\u00ba da\u00a0<a title=\"Lei n.\u00ba 15\/2013\" href=\"https:\/\/dre.pt\/web\/guest\/pesquisa\/-\/search\/257806\/details\/normal?l=1\" target=\"_blank\" rel=\"nofollow noopener\">Lei n.\u00ba 15\/2013<\/a>, de 8 de fevereiro.<\/p>\n<p>2 - O Segundo Contratante obriga-se a pagar \u00e0 Mediadora a t\u00edtulo de remunera\u00e7\u00e3o:<\/p>\n<p>___ A quantia de ___% calculada sobre o pre\u00e7o pelo qual o neg\u00f3cio \u00e9 efetivamente concretizado, acrescida de IVA \u00e0 taxa legal de ___%.<\/p>\n<p>OU<\/p>\n<p>___ A quantia de ___ Euros (___), acrescida do IVA \u00e0 taxa legal de ___%.<\/p>\n<p>3 - O pagamento da remunera\u00e7\u00e3o apenas ser\u00e1 efetuado nas seguintes condi\u00e7\u00f5es:<\/p>\n<p>___ O total da remunera\u00e7\u00e3o aquando da celebra\u00e7\u00e3o da escritura ou conclus\u00e3o do neg\u00f3cio visado.<\/p>\n<p>OU<\/p>\n<p>___ % ap\u00f3s a celebra\u00e7\u00e3o do contrato-promessa e o remanescente ___% na celebra\u00e7\u00e3o da escritura ou conclus\u00e3o do neg\u00f3cio.<\/p>\n<p>OU<\/p>\n<p>___ O total da remunera\u00e7\u00e3o aquando da celebra\u00e7\u00e3o do contrato-promessa.<\/p>\n<p><strong>Cl\u00e1usula 6.\u00aa - Obten\u00e7\u00e3o de Documentos<\/strong><\/p>\n<p>1 - No \u00e2mbito do presente contrato, a Mediadora, na qualidade de mandat\u00e1ria sem representa\u00e7\u00e3o, obriga-se a prestar os servi\u00e7os conducentes \u00e0 obten\u00e7\u00e3o da documenta\u00e7\u00e3o necess\u00e1ria \u00e0 concretiza\u00e7\u00e3o do(s) neg\u00f3cio(s) visado(s) pela media\u00e7\u00e3o.<\/p>\n<p>2 - Pela presta\u00e7\u00e3o de servi\u00e7os previstos no n\u00famero anterior:<\/p>\n<p>a) O segundo contratante pagar\u00e1 a quantia de ___ (___), acrescida de IVA \u00e0 taxa legal de ___%.<\/p>\n<p>OU<\/p>\n<p>b) A remunera\u00e7\u00e3o pelos servi\u00e7os referidos no n\u00famero anterior considera-se inclu\u00edda no montante acordado na cl\u00e1usula 5.\u00aa e s\u00f3 ser\u00e1 devida nos termos a\u00ed descritos.<\/p>\n<p>3 - Sem preju\u00edzo do disposto no n.\u00ba 2, a Mediadora mant\u00e9m, sempre, o direito ao reembolso das despesas efetuadas com a obten\u00e7\u00e3o da documenta\u00e7\u00e3o.<\/p>\n<p>(Esta cl\u00e1usula \u00e9 facultativa e s\u00f3 dever\u00e1 ser preenchida se as partes assim o pretenderem e acordarem.)<\/p>\n<p><strong>Cl\u00e1usula 7.\u00aa - Garantias da Atividade de Media\u00e7\u00e3o<\/strong><\/p>\n<p>Para garantia da responsabilidade emergente da sua atividade profissional, a Mediadora celebrou um contrato de seguro obrigat\u00f3rio de responsabilidade civil no valor de ___ Euros, ap\u00f3lice n.\u00ba ___, atrav\u00e9s da seguradora ___.<\/p>\n<p><strong>Cl\u00e1usula 8.\u00aa - Prazo de Dura\u00e7\u00e3o do Contrato<\/strong><\/p>\n<p>O presente contrato tem uma validade de ___ (dias\/meses) contados a partir da data da sua celebra\u00e7\u00e3o renovando-se automaticamente por iguais e sucessivos per\u00edodos de tempo, caso n\u00e3o seja denunciado por qualquer das partes contratantes atrav\u00e9s de carta registada com aviso de rece\u00e7\u00e3o ou outro meio equivalente, com a anteced\u00eancia m\u00ednima de 10 dias em rela\u00e7\u00e3o ao seu termo.<\/p>\n<p><strong>Cl\u00e1usula 9.\u00aa - Dever de Colabora\u00e7\u00e3o e Obriga\u00e7\u00f5es do Segundo Contratante<\/strong><\/p>\n<p>1 - O Segundo Contratante colaborar\u00e1 com a Mediadora na entrega de todos os elementos julgados necess\u00e1rios e \u00fateis no prazo de ___ dias, a contar da data de assinatura do presente contrato.<\/p>\n<p>2 - O Segundo Contratante declara e garante que, no \u00e2mbito das disposi\u00e7\u00f5es legais aplic\u00e1veis de natureza preventiva e repressiva de combate ao branqueamento de capitais e ao financiamento do terrorismo, e em rela\u00e7\u00e3o a todos os atos e opera\u00e7\u00f5es abrangidas pelo presente contrato, se obriga a cooperar na disponibiliza\u00e7\u00e3o de informa\u00e7\u00e3o relevante \u00e0 Mediadora, designadamente sobre a identidade das partes contratantes, do objeto do neg\u00f3cio imobili\u00e1rio e dos meios de pagamento das transa\u00e7\u00f5es imobili\u00e1rias.<\/p>\n<p>3 - O Segundo Contratante obriga-se ainda a cumprir todas as disposi\u00e7\u00f5es legais e regulamentares decorrentes do Sistema de Certifica\u00e7\u00e3o Energ\u00e9tica, designadamente a obriga\u00e7\u00e3o de providenciar, nos termos e prazos devidos, pela emiss\u00e3o do respetivo Certificado Energ\u00e9tico em rela\u00e7\u00e3o ao im\u00f3vel objeto do presente contrato (se aplic\u00e1vel).<\/p>\n<p>4 - O Segundo Contratante obriga-se, tamb\u00e9m, a dar cumprimento \u00e0s regras referentes \u00e0 Ficha T\u00e9cnica da Habita\u00e7\u00e3o, nos termos do disposto no\u00a0<a title=\"Decreto-Lei n.\u00ba 68\/2004\" href=\"https:\/\/dre.pt\/web\/guest\/pesquisa\/-\/search\/211028\/details\/normal?l=1\" target=\"_blank\" rel=\"nofollow noopener\">Decreto-Lei n.\u00ba 68\/2004<\/a>, de 25 de mar\u00e7o, nos termos e prazos devidos (se aplic\u00e1vel).<\/p>\n<p><strong>Cl\u00e1usula 10.\u00aa - Angariador Imobili\u00e1rio<\/strong><\/p>\n<p>Na prepara\u00e7\u00e3o do presente contrato de media\u00e7\u00e3o imobili\u00e1ria colaborou o angariador imobili\u00e1rio (nome) ___, portador do Cart\u00e3o de Cidad\u00e3o\/Bilhete de Identidade n.\u00ba ___ e\/ou Contribuinte Fiscal n.\u00ba___.<\/p>\n<p><strong>Cl\u00e1usula 11.\u00aa - Foro Competente<\/strong><\/p>\n<p>Para dirimir quaisquer lit\u00edgios emergentes da execu\u00e7\u00e3o do presente contrato, as partes acordam entre si estabelecer como competente o Foro da Comarca de ___, com a expressa ren\u00fancia a qualquer outro.<\/p>\n<p>(Esta cl\u00e1usula \u00e9 facultativa e s\u00f3 dever\u00e1 ser preenchida se as partes assim o pretenderem e acordarem.)<\/p>\n<p><strong>Cl\u00e1usula 12.\u00aa - Resolu\u00e7\u00e3o Alternativa de Lit\u00edgios<\/strong><\/p>\n<p>1 - Nos termos do disposto no artigo 18.\u00ba da\u00a0<a title=\"Lei n.\u00ba 144\/2015\" href=\"https:\/\/dre.pt\/web\/guest\/pesquisa\/-\/search\/70215248\/details\/normal?l=1\" target=\"_blank\" rel=\"nofollow noopener\">Lei n.\u00ba 144\/2015<\/a>, de 8 de setembro, na reda\u00e7\u00e3o atual, em caso de lit\u00edgio ou insatisfa\u00e7\u00e3o com o servi\u00e7o prestado poder\u00e1 o Segundo Contratante recorrer ao Centro de resolu\u00e7\u00e3o alternativa de lit\u00edgios de consumo___ com o s\u00edtio eletr\u00f3nico na Internet ___, de que a Mediadora \u00e9 aderente.<\/p>\n<p>2 - O disposto no n\u00famero anterior n\u00e3o priva o consumidor do direito que lhe assiste de submeter o lit\u00edgio a aprecia\u00e7\u00e3o e decis\u00e3o de um tribunal judicial.<\/p>\n<p>(Esta cl\u00e1usula s\u00f3 dever\u00e1 ser preenchida se a empresa de media\u00e7\u00e3o imobili\u00e1ria for aderente de alguma entidade de resolu\u00e7\u00e3o alternativa de lit\u00edgios de consumo, ao abrigo do disposto na\u00a0<a title=\"Lei n.\u00ba 144\/2015\" href=\"https:\/\/dre.pt\/web\/guest\/pesquisa\/-\/search\/70215248\/details\/normal?l=1\" target=\"_blank\" rel=\"nofollow noopener\">Lei n.\u00ba 144\/2015<\/a>, de 8 de setembro, na reda\u00e7\u00e3o atual.)<\/p>\n<p><strong>Cl\u00e1usula 13.\u00aa - Limites aos pagamentos em numer\u00e1rio<\/strong><\/p>\n<p>Os intervenientes no presente contrato abst\u00eam-se de celebrar ou de algum modo participar em quaisquer neg\u00f3cios de que, no \u00e2mbito da sua atividade profissional, resulte a viola\u00e7\u00e3o dos limites \u00e0 utiliza\u00e7\u00e3o de numer\u00e1rio, previstos no artigo 63.\u00ba-E da Lei Geral Tribut\u00e1ria, aprovada pelo\u00a0<a title=\"Decreto-Lei n.\u00ba 398\/98\" href=\"https:\/\/dre.pt\/web\/guest\/pesquisa\/-\/search\/191558\/details\/normal?l=1\" target=\"_blank\" rel=\"nofollow noopener\">Decreto-Lei n.\u00ba 398\/98<\/a>, de 17 de dezembro, aditado pela\u00a0<a title=\"Lei n.\u00ba 92\/2017\" href=\"https:\/\/dre.pt\/web\/guest\/pesquisa\/-\/search\/108030505\/details\/normal?l=1\" target=\"_blank\" rel=\"nofollow noopener\">Lei n.\u00ba 92\/2017<\/a>, de 22 de agosto, e de acordo com o artigo 10.\u00ba da\u00a0<a title=\"Lei n.\u00ba 83\/2017\" href=\"https:\/\/dre.pt\/web\/guest\/pesquisa\/-\/search\/108021178\/details\/normal?l=1\" target=\"_blank\" rel=\"nofollow noopener\">Lei n.\u00ba 83\/2017<\/a>, de 18 de agosto.<\/p>\n<p><strong>Cl\u00e1usula 14.\u00aa - Prote\u00e7\u00e3o de Dados Pessoais<\/strong><\/p>\n<p>1 - Em cumprimento do disposto no\u00a0<a title=\"Link para Regulamento da Uni\u00e3o Europeia\" href=\"https:\/\/dre.pt\/application\/external\/eurolex?16R0679\" target=\"_blank\" rel=\"nofollow noopener\">Regulamento (EU) 2016\/679<\/a>\u00a0do Parlamento Europeu e do Conselho, de 27 de abril (RGPD), e demais legisla\u00e7\u00e3o aplic\u00e1vel, no que diz respeito ao tratamento de dados pessoais e \u00e0 livre circula\u00e7\u00e3o desses dados, o Segundo Contratante ___ autoriza\/___ n\u00e3o autoriza que os seus dados pessoais recolhidos, transmitidos ou processados informaticamente pela Mediadora sejam incorporados na sua base de dados. Estes dados destinam-se a processamentos administrativos, estat\u00edsticos e de apresenta\u00e7\u00e3o\/divulga\u00e7\u00e3o de produtos e servi\u00e7os comercializados.<\/p>\n<p>2 - A Mediadora compromete-se a, designadamente, n\u00e3o copiar, reproduzir, adaptar, modificar, alterar, apagar, destruir, divulgar ou por qualquer outra forma colocar \u00e0 disposi\u00e7\u00e3o de terceiros os dados pessoais do Segundo Contratante a que tenha tido acesso no \u00e2mbito do presente contrato, sem que para tal tenha sido expressamente autorizada, comprometendo-se a utiliz\u00e1-los exclusivamente para as finalidades referidas.<\/p>\n<p>3 - Mais se declara que, nos termos e para os efeitos previstos nos artigos 12.\u00ba a 23.\u00ba do RGPD, a Mediadora informou o Segundo Contratante e este tomou conhecimento dos direitos que lhe assistem relativamente aos seus dados pessoais.<\/p>\n<p>Depois de lido e ratificado, as partes comprometem-se a cumprir este contrato segundo os ditames da boa-f\u00e9, e v\u00e3o assinar.<\/p>\n<p><span style=\"font-size: 10pt;\"><em>Feito em duplicado, destinando-se um exemplar a cada uma das partes intervenientes.<\/em><\/span><\/p>\n<p>__________________________, ___ de ___ de ___.<\/p>\n<p>A Mediadora: _____________________<\/p>\n<p>O Segundo Contratante: _______________________<\/p><\/blockquote>\n\t\t<\/div>\r\n\t\t\r\n\t\t\t\t<\/div><!-- .dslc-module -->\r\n\t\t\r\n\t\t<div id=\"dslc-module-9dd818ed500\" class=\"dslc-module-front dslc-module-DSLC_TP_Comments dslc-in-viewport-check dslc-in-viewport-anim-none  dslc-col dslc-12-col dslc-last-col  dslc-module-handle-like-regular \" data-module-id=\"9dd818ed500\" data-module=\"DSLC_TP_Comments\" data-dslc-module-size=\"12\" data-dslc-anim=\"none\" data-dslc-anim-delay=\"\" data-dslc-anim-duration=\"650\"  data-dslc-anim-easing=\"ease\" data-dslc-preset=\"none\" >\r\n\r\n\t\t\t\r\n\t\t\t\r\n\t\t\t\t\r\n\t\t\t<div class=\"dslc-tp-comments\" id=\"comments\">\r\n\r\n\t\t\t\t\r\n\t\t\t\t\t\r\n\t\t\t\t\t\t\r\n\t\t\t\t\t\t\r\n\t\t\t\t\t\t<ol class=\"comments clean-list\">\r\n\t\t\t\t\t\t\t\t\t\t\t\t\t<\/ol><!-- .commentlist -->\r\n\r\n\t\t\t\t\t\t\r\n\t\t\t\t\t\r\n\t\t\t\t\t\r\n\t\t\t\t\r\n\t\t\t<\/div><!-- dslc-tp-comments -->\r\n\r\n\t\t\r\n\t\r\n\t\t\t\t<\/div><!-- .dslc-module -->\r\n\t\t\r\n\t\t<div id=\"dslc-module-330ad314f3a\" class=\"dslc-module-front dslc-module-DSLC_TP_Comments_Form dslc-in-viewport-check dslc-in-viewport-anim-none  dslc-col dslc-12-col dslc-last-col  dslc-module-handle-like-regular \" data-module-id=\"330ad314f3a\" data-module=\"DSLC_TP_Comments_Form\" data-dslc-module-size=\"12\" data-dslc-anim=\"none\" data-dslc-anim-delay=\"\" data-dslc-anim-duration=\"650\"  data-dslc-anim-easing=\"ease\" data-dslc-preset=\"none\" >\r\n\r\n\t\t\t\r\n\t\t\t\r\n\t\t\t\t\r\n\t\t<div class=\"dslc-tp-comment-form\">\r\n\r\n\t\t\t\t<div id=\"respond\" class=\"comment-respond\">\n\t\t<h3 id=\"reply-title\" class=\"comment-reply-title\">Gostaste? Deixa-nos a tua opini\u00e3o  <small><a rel=\"nofollow\" id=\"cancel-comment-reply-link\" href=\"\/imobiliaria\/wp-json\/wp\/v2\/posts\/351#respond\" style=\"display:none;\">cancel<\/a><\/small><\/h3><form action=\"https:\/\/contaonline.pt\/imobiliaria\/wp-comments-post.php\" method=\"post\" id=\"commentform\" class=\"comment-form\" novalidate><div class=\"comment-form-name\"><input id=\"author\" name=\"author\" type=text value=\"\" size=\"30\" placeholder=\"Nome *\" aria-required=\"true\" \/><\/div>\n<div class=\"comment-form-email\"><input id=\"email\" name=\"email\" type=text value=\"\" size=\"30\" placeholder=\"Email *\" aria-required=\"true\" \/><\/div>\n<div class=\"comment-form-website\"><input id=\"url\" name=\"url\" type=text value=\"\" size=\"30\" placeholder=\"Site\" \/><\/div>\n<div class=\"comment-form-comment\"><textarea id=\"comment\" name=\"comment\" placeholder=\"Escreve aqui o teu coment\u00e1rio\" aria-required=\"true\"><\/textarea><\/div><p class=\"comment-form-cookies-consent\"><input id=\"wp-comment-cookies-consent\" name=\"wp-comment-cookies-consent\" type=\"checkbox\" value=\"yes\" \/><label for=\"wp-comment-cookies-consent\">Save my name, email, and website in this browser for the next time I comment.<\/label><\/p>\n<p class=\"form-submit\"><input name=\"submit\" type=\"submit\" id=\"submit\" class=\"submit\" value=\"Enviar Coment\u00e1rio\" \/> <input type='hidden' name='comment_post_ID' value='351' id='comment_post_ID' \/>\n<input type='hidden' name='comment_parent' id='comment_parent' value='0' \/>\n<\/p><p style=\"display: none;\"><input type=\"hidden\" id=\"akismet_comment_nonce\" name=\"akismet_comment_nonce\" value=\"2c483afbd4\" \/><\/p><p style=\"display: none !important;\" class=\"akismet-fields-container\" data-prefix=\"ak_\"><label>&#916;<textarea name=\"ak_hp_textarea\" cols=\"45\" rows=\"8\" maxlength=\"100\"><\/textarea><\/label><input type=\"hidden\" id=\"ak_js_1\" name=\"ak_js\" value=\"117\"\/><script type=\"text\/javascript\">\n\/* <![CDATA[ *\/\ndocument.getElementById( \"ak_js_1\" ).setAttribute( \"value\", ( new Date() ).getTime() );\n\/* ]]> *\/\n<\/script>\n<\/p><\/form>\t<\/div><!-- #respond -->\n\t\r\n\t\t<\/div><!-- dslc-tp-comment-form -->\r\n\r\n\t\t\t\t<style type=\"text\/css\">\r\n\t\t\t.dslc-tp-comment-form input[type=text]::-moz-placeholder, .dslc-tp-comment-form input[type=url]::-moz-placeholder, .dslc-tp-comment-form input[type=email]::-moz-placeholder, .dslc-tp-comment-form textarea::-moz-placeholder {\r\n\t\t\t\tcolor: #4d4d4d;\r\n\t\t\t}\r\n\t\t\t.dslc-tp-comment-form input[type=text]::-webkit-input-placeholder, .dslc-tp-comment-form input[type=url]::-webkit-input-placeholder, .dslc-tp-comment-form input[type=email]::-webkit-input-placeholder, .dslc-tp-comment-form textarea::-webkit-input-placeholder {\r\n\t\t\t\tcolor: #4d4d4d;\r\n\t\t\t}\r\n\t\t\t.dslc-tp-comment-form input[type=text]:-ms-input-placeholder, .dslc-tp-comment-form input[type=url]:-ms-input-placeholder, .dslc-tp-comment-form input[type=email]:-ms-input-placeholder, .dslc-tp-comment-form textarea:-ms-input-placeholder {\r\n\t\t\t\tcolor: #4d4d4d;\r\n\t\t\t}\r\n\t\t<\/style>\r\n\t\t\r\n\t\r\n\t\t\t\t<\/div><!-- .dslc-module -->\r\n\t\t<\/div><div  class=\"dslc-modules-area dslc-col dslc-4-col dslc-last-col dslc-valign- \" data-size=\"4\" data-valign=\"\" data-modules-area-id=\"\" ><style type=\"text\/css\" id=\"dslca-modules-area-\"><\/style>\r\n\t\t<div id=\"dslc-module-3dcc6b25c61\" class=\"dslc-module-front dslc-module-DSLC_Separator dslc-in-viewport-check dslc-in-viewport-anim-none  dslc-col dslc-12-col dslc-last-col dslc-hide-on-phone  dslc-module-handle-like-regular \" data-module-id=\"3dcc6b25c61\" data-module=\"DSLC_Separator\" data-dslc-module-size=\"12\" data-dslc-anim=\"none\" data-dslc-anim-delay=\"\" data-dslc-anim-duration=\"650\"  data-dslc-anim-easing=\"ease\" data-dslc-preset=\"none\" >\r\n\r\n\t\t\t\r\n\t\t\t\r\n\t\t\t\t\t<div class=\"dslc-separator-wrapper\">\n\t\t\t\t<div class=\"dslc-separator dslc-separator-style-invisible\">\n\t\t\t\t\t\t\t\t\t<\/div>\n\t\t\t\t<div><\/div>\n\t\t\t<\/div><!-- .dslc-separator-wrapper -->\n\t\t\t\r\n\t\t\t\t<\/div><!-- .dslc-module -->\r\n\t\t\r\n\t\t<div id=\"dslc-module-53b465bcc63\" class=\"dslc-module-front dslc-module-DSLC_Text_Simple dslc-in-viewport-check dslc-in-viewport-anim-none  dslc-col dslc-12-col dslc-last-col  dslc-module-handle-like-regular \" data-module-id=\"53b465bcc63\" data-module=\"DSLC_Text_Simple\" data-dslc-module-size=\"12\" data-dslc-anim=\"none\" data-dslc-anim-delay=\"\" data-dslc-anim-duration=\"650\"  data-dslc-anim-easing=\"ease\" data-dslc-preset=\"none\" >\r\n\r\n\t\t\t\r\n\t\t\t\r\n\t\t\n\t\t<div class=\"dslc-text-module-content\">\n\t\t\t<h2><span style=\"color: #000000;\">Vais abrir uma<\/span><span style=\"color: #000000;\">\u00a0<\/span><span style=\"color: #ff0000;\">Imobili\u00e1ria <span style=\"color: #000000;\">?<\/span><\/span><\/h2><p><strong>Come\u00e7a o teu neg\u00f3cio sem erros<\/strong>.<\/p><p>Queremos ajudar-te desde o primeiro momento.<\/p><p><strong>Vamos falar?<\/strong><\/p>\t\t<\/div>\n\n\t\t\r\n\t\t\t\t<\/div><!-- .dslc-module -->\r\n\t\t\r\n\t\t<div id=\"dslc-module-572b3f242f1\" class=\"dslc-module-front dslc-module-DSLC_Button dslc-in-viewport-check dslc-in-viewport-anim-none  dslc-col dslc-12-col dslc-last-col  dslc-module-handle-like-regular \" data-module-id=\"572b3f242f1\" data-module=\"DSLC_Button\" data-dslc-module-size=\"12\" data-dslc-anim=\"none\" data-dslc-anim-delay=\"\" data-dslc-anim-duration=\"650\"  data-dslc-anim-easing=\"ease\" data-dslc-preset=\"none\" >\r\n\r\n\t\t\t\r\n\t\t\t\r\n\t\t\r\n\t\t\t<div class=\"dslc-button\">\r\n\t\t\t\t\t\t\t\t\t<a href=\"https:\/\/contaonline.pt\/imobiliaria\/proposta\/\" target=\"_self\"  onClick=\"\" class=\"\">\r\n\t\t\t\t\t\t\t\t\t\t\t\t\t\t\t\t\t\t\t\t\t<span class=\"dslc-icon dslc-icon-hand-pointer-o\"><\/span>\t\r\n\t\t\t\t\t\t\t\t\t\t\t\t\t\t\t\t\t\t\t\t\t\t\t\t\t\t<span>SOLICITAR PROPOSTA<\/span>\r\n\t\t\t\t\t\t\t\t\t\t\t\t\t\t\t\t\t<\/a>\r\n\t\t\t\t\t\t\t<\/div><!-- .dslc-button -->\r\n\r\n\r\n\t\t\t\t\t\t\r\n\t\t\t\t<\/div><!-- .dslc-module -->\r\n\t\t\r\n\t\t<div id=\"dslc-module-6e71fb83e2c\" class=\"dslc-module-front dslc-module-DSLC_Separator dslc-in-viewport-check dslc-in-viewport-anim-none  dslc-col dslc-12-col dslc-last-col dslc-hide-on-phone  dslc-module-handle-like-regular \" data-module-id=\"6e71fb83e2c\" data-module=\"DSLC_Separator\" data-dslc-module-size=\"12\" data-dslc-anim=\"none\" data-dslc-anim-delay=\"\" data-dslc-anim-duration=\"650\"  data-dslc-anim-easing=\"ease\" data-dslc-preset=\"none\" >\r\n\r\n\t\t\t\r\n\t\t\t\r\n\t\t\t\t\t<div class=\"dslc-separator-wrapper\">\n\t\t\t\t<div class=\"dslc-separator dslc-separator-style-invisible\">\n\t\t\t\t\t\t\t\t\t<\/div>\n\t\t\t\t<div><\/div>\n\t\t\t<\/div><!-- .dslc-separator-wrapper -->\n\t\t\t\r\n\t\t\t\t<\/div><!-- .dslc-module -->\r\n\t\t\r\n\t\t<div id=\"dslc-module-c5e12a500a3\" class=\"dslc-module-front dslc-module-DSLC_Text_Simple dslc-in-viewport-check dslc-in-viewport-anim-none  dslc-col dslc-12-col dslc-last-col  dslc-module-handle-like-regular \" data-module-id=\"c5e12a500a3\" data-module=\"DSLC_Text_Simple\" data-dslc-module-size=\"12\" data-dslc-anim=\"none\" data-dslc-anim-delay=\"\" data-dslc-anim-duration=\"650\"  data-dslc-anim-easing=\"ease\" data-dslc-preset=\"none\" >\r\n\r\n\t\t\t\r\n\t\t\t\r\n\t\t\n\t\t<div class=\"dslc-text-module-content\">\n\t\t\t<p>Artigos Recentes<\/p>\t\t<\/div>\n\n\t\t\r\n\t\t\t\t<\/div><!-- .dslc-module -->\r\n\t\t\r\n\t\t<div id=\"dslc-module-c79837ef781\" class=\"dslc-module-front dslc-module-DSLC_Widgets dslc-in-viewport-check dslc-in-viewport-anim-none  dslc-col dslc-12-col dslc-last-col dslc-hide-on-phone  dslc-module-handle-like-regular \" data-module-id=\"c79837ef781\" data-module=\"DSLC_Widgets\" data-dslc-module-size=\"12\" data-dslc-anim=\"none\" data-dslc-anim-delay=\"\" data-dslc-anim-duration=\"650\"  data-dslc-anim-easing=\"ease\" data-dslc-preset=\"none\" >\r\n\r\n\t\t\t\r\n\t\t\t\r\n\t\t\t\t\t<div class=\"dslc-widgets dslc-clearfix dslc-widgets-12-col\">\n\t\t\t\t<div class=\"dslc-widgets-wrap dslc-clearfix\">\n\t\t\t\t\t<div id=\"block-6\" class=\"dslc-widget dslc-col widget_block widget_recent_entries\"><div class=\"dslc-widget-wrap\"><ul class=\"wp-block-latest-posts__list wp-block-latest-posts\"><li><a class=\"wp-block-latest-posts__post-title\" href=\"https:\/\/contaonline.pt\/imobiliaria\/contrato-de-mediacao-imobiliaria-minuta\/\">Contrato de media\u00e7\u00e3o imobili\u00e1ria - minuta!<\/a><\/li>\n<li><a class=\"wp-block-latest-posts__post-title\" href=\"https:\/\/contaonline.pt\/imobiliaria\/manutencao-licenca-ami\/\">Manuten\u00e7\u00e3o Licen\u00e7a AMI<\/a><\/li>\n<li><a class=\"wp-block-latest-posts__post-title\" href=\"https:\/\/contaonline.pt\/imobiliaria\/licenca-ami\/\">Licen\u00e7a AMI<\/a><\/li>\n<li><a class=\"wp-block-latest-posts__post-title\" href=\"https:\/\/contaonline.pt\/imobiliaria\/o-franchising-imobiliario-como-modelo-de-negocio\/\">O franchising imobili\u00e1rio como modelo de neg\u00f3cio<\/a><\/li>\n<li><a class=\"wp-block-latest-posts__post-title\" href=\"https:\/\/contaonline.pt\/imobiliaria\/agente-imobiliario-o-que-faz\/\">Agente imobili\u00e1rio, o que faz?<\/a><\/li>\n<li><a class=\"wp-block-latest-posts__post-title\" href=\"https:\/\/contaonline.pt\/imobiliaria\/consultar-licenca-ami\/\">Consultar licen\u00e7a AMI<\/a><\/li>\n<li><a class=\"wp-block-latest-posts__post-title\" href=\"https:\/\/contaonline.pt\/imobiliaria\/sera-que-a-mediacao-imobiliaria-se-vai-manter-com-esta\/\">Ser\u00e1 que a media\u00e7\u00e3o imobili\u00e1ria se vai manter como est\u00e1?<\/a><\/li>\n<li><a class=\"wp-block-latest-posts__post-title\" href=\"https:\/\/contaonline.pt\/imobiliaria\/mediacao-imobiliaria-ao-rubro-em-2022\/\">Media\u00e7\u00e3o imobili\u00e1ria ao rubro em 2022<\/a><\/li>\n<\/ul><\/div><\/div>\t\t\t\t<\/div>\n\t\t\t<\/div>\n\t\t\r\n\t\t\t\t<\/div><!-- .dslc-module -->\r\n\t\t<\/div><\/div><\/div><\/div><input type=\"hidden\" id=\"dslca-post-data-thumb\" value=\"https:\/\/contaonline.pt\/imobiliaria\/wp-content\/uploads\/sites\/5\/2018\/08\/como-abrir-uma-empresa.jpg\" \/><div id=\"dslc-footer\" class=\"dslc-footer-pos-relative \" data-hf >\r\n\t\t\t<div  class=\"dslc-modules-section \" style=\"padding-top:20px;padding-bottom:20px;\" data-section-id=\"960276704a6\">\r\n\t\t\t\t<div class=\"dslc-bg-video dslc-force-show\"><div class=\"dslc-bg-video-overlay\" style=\"background-color:rgba(22,219,15,0.3); opacity:1; \"><\/div><\/div>\r\n\t\t\t\t\r\n\t\t\t\t<div class=\"dslc-modules-section-wrapper dslc-clearfix\"><div  class=\"dslc-modules-area dslc-col dslc-3-col dslc-first-col dslc-valign- \" data-size=\"3\" data-valign=\"\" data-modules-area-id=\"\" ><style type=\"text\/css\" id=\"dslca-modules-area-\"><\/style>\r\n\t\t<div id=\"dslc-module-83636a12d79\" class=\"dslc-module-front dslc-module-DSLC_Image dslc-in-viewport-check dslc-in-viewport-anim-none  dslc-col dslc-12-col dslc-last-col  dslc-module-handle-like-regular \" data-module-id=\"83636a12d79\" data-module=\"DSLC_Image\" data-dslc-module-size=\"12\" data-dslc-anim=\"none\" data-dslc-anim-delay=\"\" data-dslc-anim-duration=\"650\"  data-dslc-anim-easing=\"ease\" data-dslc-preset=\"none\" >\r\n\r\n\t\t\t\r\n\t\t\t\r\n\t\t\t\t<div class=\"dslc-image-container\">\r\n\t\t<div class=\"dslc-image\">\r\n\r\n\t\t\t\r\n\t\t\t\t\r\n\t\t\t\t\t\t\t\t\t<img src=\"https:\/\/contaonline.pt\/imobiliaria\/wp-content\/uploads\/sites\/5\/2022\/09\/Contabilidade-economia-verde-ContaOnline-4x3-1.png\" alt=\"\" title=\"\"   \/>\r\n\t\t\t\t\r\n\t\t\t\t\t\t\t\t\t<\/div><!-- .dslc-image -->\r\n\t\t<\/div>\r\n\t\t\r\n\t\t\t\t<\/div><!-- .dslc-module -->\r\n\t\t<\/div><div  class=\"dslc-modules-area dslc-col dslc-9-col dslc-last-col dslc-valign- \" data-size=\"9\" data-valign=\"\" data-modules-area-id=\"\" ><style type=\"text\/css\" id=\"dslca-modules-area-\"><\/style>\r\n\t\t<div id=\"dslc-module-ed0b750205b\" class=\"dslc-module-front dslc-module-DSLC_Separator dslc-in-viewport-check dslc-in-viewport-anim-none  dslc-col dslc-12-col dslc-last-col dslc-hide-on-tablet dslc-hide-on-phone  dslc-module-handle-like-regular \" data-module-id=\"ed0b750205b\" data-module=\"DSLC_Separator\" data-dslc-module-size=\"12\" data-dslc-anim=\"none\" data-dslc-anim-delay=\"\" data-dslc-anim-duration=\"650\"  data-dslc-anim-easing=\"ease\" data-dslc-preset=\"none\" >\r\n\r\n\t\t\t\r\n\t\t\t\r\n\t\t\t\t\t<div class=\"dslc-separator-wrapper\">\n\t\t\t\t<div class=\"dslc-separator dslc-separator-style-invisible\">\n\t\t\t\t\t\t\t\t\t<\/div>\n\t\t\t\t<div><\/div>\n\t\t\t<\/div><!-- .dslc-separator-wrapper -->\n\t\t\t\r\n\t\t\t\t<\/div><!-- .dslc-module -->\r\n\t\t\r\n\t\t<div id=\"dslc-module-422af38841e\" class=\"dslc-module-front dslc-module-DSLC_Text_Simple dslc-in-viewport-check dslc-in-viewport-anim-none  dslc-col dslc-12-col dslc-last-col  dslc-module-handle-like-regular \" data-module-id=\"422af38841e\" data-module=\"DSLC_Text_Simple\" data-dslc-module-size=\"12\" data-dslc-anim=\"none\" data-dslc-anim-delay=\"\" data-dslc-anim-duration=\"650\"  data-dslc-anim-easing=\"ease\" data-dslc-preset=\"none\" >\r\n\r\n\t\t\t\r\n\t\t\t\r\n\t\t\n\t\t<div class=\"dslc-text-module-content\">\n\t\t\t<h1 style=\"text-align: center;\">SOMOS VERDES<\/h1><p style=\"text-align: center;\">contabilidade sem papel, sem desloca\u00e7\u00f5es, amiga do ambiente<\/p>\t\t<\/div>\n\n\t\t\r\n\t\t\t\t<\/div><!-- .dslc-module -->\r\n\t\t<\/div><\/div><\/div>\r\n\t\t\t<div  class=\"dslc-modules-section \" style=\"\" data-section-id=\"6f46eec4e79\">\r\n\t\t\t\t<div class=\"dslc-bg-video dslc-force-show\"><div class=\"dslc-bg-video-overlay\" style=\"background-color:#000000; opacity:1; \"><\/div><\/div>\r\n\t\t\t\t\r\n\t\t\t\t<div class=\"dslc-modules-section-wrapper dslc-clearfix\"><div  class=\"dslc-modules-area dslc-col dslc-6-col dslc-first-col dslc-valign- \" data-size=\"6\" data-valign=\"\" data-modules-area-id=\"\" ><style type=\"text\/css\" id=\"dslca-modules-area-\"><\/style>\r\n\t\t<div id=\"dslc-module-c1cc620e22b\" class=\"dslc-module-front dslc-module-DSLC_Text_Simple dslc-in-viewport-check dslc-in-viewport-anim-none  dslc-col dslc-12-col dslc-last-col  dslc-module-handle-like-regular \" data-module-id=\"c1cc620e22b\" data-module=\"DSLC_Text_Simple\" data-dslc-module-size=\"12\" data-dslc-anim=\"none\" data-dslc-anim-delay=\"\" data-dslc-anim-duration=\"650\"  data-dslc-anim-easing=\"ease\" data-dslc-preset=\"none\" >\r\n\r\n\t\t\t\r\n\t\t\t\r\n\t\t\n\t\t<div class=\"dslc-text-module-content\">\n\t\t\t<p><strong>Conta<span style=\"color: #ff0000;\">Online<\/span><\/strong> - contabilidade digital para a tua Imobili\u00e1ria. Atendemos \u00e1 dist\u00e2ncia, 100% online, sem papel, sempre com um acompanhamento por contabilista certificado. Contamos com 20 anos ao servi\u00e7os das empresas de <strong>media\u00e7\u00e3o imobili\u00e1ria<\/strong>.<\/p>\t\t<\/div>\n\n\t\t\r\n\t\t\t\t<\/div><!-- .dslc-module -->\r\n\t\t\r\n\t\t<div id=\"dslc-module-3443e5c3078\" class=\"dslc-module-front dslc-module-DSLC_Social dslc-in-viewport-check dslc-in-viewport-anim-none  dslc-col dslc-12-col dslc-last-col  dslc-module-handle-like-regular \" data-module-id=\"3443e5c3078\" data-module=\"DSLC_Social\" data-dslc-module-size=\"12\" data-dslc-anim=\"none\" data-dslc-anim-delay=\"\" data-dslc-anim-duration=\"650\"  data-dslc-anim-easing=\"ease\" data-dslc-preset=\"none\" >\r\n\r\n\t\t\t\r\n\t\t\t\r\n\t\t\t\t\t<div class=\"dslc-social-wrap\">\n\n\t\t\t\t<ul class=\"dslc-social\">\n\t\t\t\t\t\t\t\t\t\t\t<li>\n\t\t\t\t\t\t\t\t<a class=\"dslc-social-icon\" target=\"_blank\" href=\"https:\/\/www.facebook.com\/ContaOnlin\/\" ><span class=\"dslc-icon dslc-icon-facebook\"><\/span><\/a>\n\t\t\t\t\t\t\t\t\t\t\t\t\t\t\t<\/li>\n\t\t\t\t\t\t\t\t\t\t\t\t\t\t<li>\n\t\t\t\t\t\t\t\t<a class=\"dslc-social-icon\" target=\"_blank\" href=\"https:\/\/pt.linkedin.com\/company\/contaonline\" ><span class=\"dslc-icon dslc-icon-linkedin\"><\/span><\/a>\n\t\t\t\t\t\t\t\t\t\t\t\t\t\t\t<\/li>\n\t\t\t\t\t\t\t\t\t\t\t\t\t\t<li>\n\t\t\t\t\t\t\t\t<a class=\"dslc-social-icon\" target=\"_blank\" href=\"https:\/\/www.instagram.com\/contaonline.pt\/\" ><span class=\"dslc-icon dslc-icon-instagram\"><\/span><\/a>\n\t\t\t\t\t\t\t\t\t\t\t\t\t\t\t<\/li>\n\t\t\t\t\t\t\t\t\t\t\t<\/ul>\n\n\t\t\t<\/div><!-- .dslc-social-wrap -->\n\n\t\t\t\r\n\t\t\t\t<\/div><!-- .dslc-module -->\r\n\t\t<\/div><div  class=\"dslc-modules-area dslc-col dslc-3-col  dslc-valign- \" data-size=\"3\" data-valign=\"\" data-modules-area-id=\"\" ><style type=\"text\/css\" id=\"dslca-modules-area-\"><\/style>\r\n\t\t<div id=\"dslc-module-0de77331b10\" class=\"dslc-module-front dslc-module-DSLC_Image dslc-in-viewport-check dslc-in-viewport-anim-none  dslc-col dslc-12-col dslc-last-col  dslc-module-handle-like-regular \" data-module-id=\"0de77331b10\" data-module=\"DSLC_Image\" data-dslc-module-size=\"12\" data-dslc-anim=\"none\" data-dslc-anim-delay=\"\" data-dslc-anim-duration=\"650\"  data-dslc-anim-easing=\"ease\" data-dslc-preset=\"none\" >\r\n\r\n\t\t\t\r\n\t\t\t\r\n\t\t\t\t<div class=\"dslc-image-container\">\r\n\t\t<div class=\"dslc-image\">\r\n\r\n\t\t\t\r\n\t\t\t\t\r\n\t\t\t\t\t\t\t\t\t<img src=\"https:\/\/contaonline.pt\/imobiliaria\/wp-content\/uploads\/sites\/5\/2021\/04\/ContaOnline_20_anos_de_experiencia2.png\" alt=\"\" title=\"\"   \/>\r\n\t\t\t\t\r\n\t\t\t\t\t\t\t\t\t<\/div><!-- .dslc-image -->\r\n\t\t<\/div>\r\n\t\t\r\n\t\t\t\t<\/div><!-- .dslc-module -->\r\n\t\t<\/div><div  class=\"dslc-modules-area dslc-col dslc-3-col dslc-last-col dslc-valign- \" data-size=\"3\" data-valign=\"\" data-modules-area-id=\"\" ><style type=\"text\/css\" id=\"dslca-modules-area-\"><\/style>\r\n\t\t<div id=\"dslc-module-2404cc82d80\" class=\"dslc-module-front dslc-module-DSLC_Widgets dslc-in-viewport-check dslc-in-viewport-anim-none  dslc-col dslc-12-col dslc-last-col  dslc-module-handle-like-regular \" data-module-id=\"2404cc82d80\" data-module=\"DSLC_Widgets\" data-dslc-module-size=\"12\" data-dslc-anim=\"none\" data-dslc-anim-delay=\"\" data-dslc-anim-duration=\"650\"  data-dslc-anim-easing=\"ease\" data-dslc-preset=\"none\" >\r\n\r\n\t\t\t\r\n\t\t\t\r\n\t\t\t\t\t<div class=\"dslc-widgets dslc-clearfix dslc-widgets-12-col\">\n\t\t\t\t<div class=\"dslc-widgets-wrap dslc-clearfix\">\n\t\t\t\t\t<div id=\"nav_menu-2\" class=\"dslc-widget dslc-col widget_nav_menu\"><div class=\"dslc-widget-wrap\"><div class=\"menu-menu-footer-container\"><ul id=\"menu-menu-footer\" class=\"menu\"><li id=\"menu-item-708\" class=\"menu-item menu-item-type-post_type menu-item-object-page menu-item-708\"><a href=\"https:\/\/contaonline.pt\/imobiliaria\/abrir-imobiliaria\/\">Abrir Imobili\u00e1ria<\/a><\/li>\n<li id=\"menu-item-707\" class=\"menu-item menu-item-type-post_type menu-item-object-page menu-item-707\"><a href=\"https:\/\/contaonline.pt\/imobiliaria\/mudar-contabilidade-digital\/\">Mudar<\/a><\/li>\n<li id=\"menu-item-1022\" class=\"menu-item menu-item-type-post_type menu-item-object-page menu-item-1022\"><a href=\"https:\/\/contaonline.pt\/imobiliaria\/preco-de-contabilidade-para-imobiliarias\/\">Planos de Contabilidade<\/a><\/li>\n<li id=\"menu-item-706\" class=\"menu-item menu-item-type-post_type menu-item-object-page menu-item-706\"><a href=\"https:\/\/contaonline.pt\/imobiliaria\/artigos-abrir-imobiliaria-contaonline-contabilidade\/\">Blog<\/a><\/li>\n<li id=\"menu-item-704\" class=\"menu-item menu-item-type-post_type menu-item-object-page menu-item-704\"><a href=\"https:\/\/contaonline.pt\/imobiliaria\/recrutamento\/\">Recrutamento<\/a><\/li>\n<li id=\"menu-item-705\" class=\"menu-item menu-item-type-post_type menu-item-object-page menu-item-705\"><a href=\"https:\/\/contaonline.pt\/imobiliaria\/contato\/\">Contato<\/a><\/li>\n<\/ul><\/div><\/div><\/div>\t\t\t\t<\/div>\n\t\t\t<\/div>\n\t\t\r\n\t\t\t\t<\/div><!-- .dslc-module -->\r\n\t\t<\/div><\/div><\/div>\r\n\t\t\t<div  class=\"dslc-modules-section \" style=\"padding-top:15px;padding-bottom:15px;border-color:rgba(0,0,0,0);border-right-style: hidden; border-bottom-style: hidden; border-left-style: hidden; \" data-section-id=\"5a558808aab\">\r\n\t\t\t\t<div class=\"dslc-bg-video dslc-force-show\"><div class=\"dslc-bg-video-overlay\" style=\"background-color:#000000; opacity:0.8; \"><\/div><\/div>\r\n\t\t\t\t\r\n\t\t\t\t<div class=\"dslc-modules-section-wrapper dslc-clearfix\"><div  class=\"dslc-modules-area dslc-col dslc-12-col dslc-last-col dslc-valign- \" data-size=\"12\" data-valign=\"\" data-modules-area-id=\"\" ><style type=\"text\/css\" id=\"dslca-modules-area-\"><\/style>\r\n\t\t<div id=\"dslc-module-45d4f143225\" class=\"dslc-module-front dslc-module-DSLC_Text_Simple dslc-in-viewport-check dslc-in-viewport-anim-none  dslc-col dslc-12-col dslc-last-col  dslc-module-handle-like-regular \" data-module-id=\"45d4f143225\" data-module=\"DSLC_Text_Simple\" data-dslc-module-size=\"12\" data-dslc-anim=\"none\" data-dslc-anim-delay=\"\" data-dslc-anim-duration=\"650\"  data-dslc-anim-easing=\"ease\" data-dslc-preset=\"none\" >\r\n\r\n\t\t\t\r\n\t\t\t\r\n\t\t\n\t\t<div class=\"dslc-text-module-content\">\n\t\t\t<p>\u00a9 ContaOnline | Todos os direitos reservados<\/p><p><a href=\"https:\/\/contaonline.pt\/privacidade-cookies\/\" target=\"_blank\" rel=\"noopener\">Privacidade<\/a>\u00a0 |\u00a0 <a href=\"https:\/\/contaonline.pt\/arbitragem-conflitos\/\" target=\"_blank\" rel=\"noopener\">Centro Arbitragem<\/a><\/p>\t\t<\/div>\n\n\t\t\r\n\t\t\t\t<\/div><!-- .dslc-module -->\r\n\t\t<\/div><\/div><\/div><\/div><\/div>","protected":false},"excerpt":{"rendered":"<p>In\u00edcio Abrir Imobili\u00e1ria Mudar Blog Recrutamento Contato - Select -In\u00edcioAbrir Imobili\u00e1riaMudarBlogRecrutamentoContato Contrato media\u00e7\u00e3o imobili\u00e1ria - novas regras a partir de 15 de Agosto de 2018 14 Setembro, 2018 Abrir imobili\u00e1ria O contrato de media\u00e7\u00e3o imobili\u00e1ria tem um novo modelo em vigor a partir de Agosto de 2018 A portaria 228\/2018, alterou as regras de car\u00e1cter [&hellip;]<\/p>\n","protected":false},"author":1,"featured_media":258,"comment_status":"open","ping_status":"open","sticky":false,"template":"","format":"standard","meta":{"footnotes":""},"categories":[44],"tags":[17,15,14],"class_list":["post-351","post","type-post","status-publish","format-standard","has-post-thumbnail","hentry","category-abrir-imobiliaria","tag-ami","tag-contrato","tag-legislacao"],"yoast_head":"<!-- This site is optimized with the Yoast SEO plugin v27.5 - https:\/\/yoast.com\/product\/yoast-seo-wordpress\/ -->\n<title>Contratos de Media\u00e7\u00e3o Imobili\u00e1ria - tem novas regras a partir de Agosto 2018<\/title>\n<meta name=\"description\" content=\"A partir de agosto de 2018, as imobili\u00e1rias t\u00eam novas regras a cumprir nos contratos de media\u00e7\u00e3o imobili\u00e1ria que celebram com seus cliente.\" \/>\n<meta name=\"robots\" content=\"index, follow, max-snippet:-1, max-image-preview:large, max-video-preview:-1\" \/>\n<link rel=\"canonical\" href=\"https:\/\/contaonline.pt\/imobiliaria\/contrato-mediacao-imobiliaria-novas-regras-a-partir-de-15-de-agosto-de-2018\/\" \/>\n<meta property=\"og:locale\" content=\"pt_PT\" \/>\n<meta property=\"og:type\" content=\"article\" \/>\n<meta property=\"og:title\" content=\"Contratos de Media\u00e7\u00e3o Imobili\u00e1ria - tem novas regras a partir de Agosto 2018\" \/>\n<meta property=\"og:description\" content=\"A partir de agosto de 2018, as imobili\u00e1rias t\u00eam novas regras a cumprir nos contratos de media\u00e7\u00e3o imobili\u00e1ria que celebram com seus cliente.\" \/>\n<meta property=\"og:url\" content=\"https:\/\/contaonline.pt\/imobiliaria\/contrato-mediacao-imobiliaria-novas-regras-a-partir-de-15-de-agosto-de-2018\/\" \/>\n<meta property=\"og:site_name\" content=\"Contabilidade Imobiliarias\" \/>\n<meta property=\"article:published_time\" content=\"2018-09-14T11:51:54+00:00\" \/>\n<meta property=\"article:modified_time\" content=\"2022-12-05T16:29:56+00:00\" \/>\n<meta property=\"og:image\" content=\"https:\/\/contaonline.pt\/imobiliaria\/wp-content\/uploads\/sites\/5\/2018\/08\/como-abrir-uma-empresa.jpg\" \/>\n\t<meta property=\"og:image:width\" content=\"1094\" \/>\n\t<meta property=\"og:image:height\" content=\"580\" \/>\n\t<meta property=\"og:image:type\" content=\"image\/jpeg\" \/>\n<meta name=\"author\" content=\"Amilcar Lopes\" \/>\n<meta name=\"twitter:card\" content=\"summary_large_image\" \/>\n<meta name=\"twitter:label1\" content=\"Escrito por\" \/>\n\t<meta name=\"twitter:data1\" content=\"Amilcar Lopes\" \/>\n\t<meta name=\"twitter:label2\" content=\"Tempo estimado de leitura\" \/>\n\t<meta name=\"twitter:data2\" content=\"12 minutos\" \/>\n<script type=\"application\/ld+json\" class=\"yoast-schema-graph\">{\"@context\":\"https:\\\/\\\/schema.org\",\"@graph\":[{\"@type\":\"Article\",\"@id\":\"https:\\\/\\\/contaonline.pt\\\/imobiliaria\\\/contrato-mediacao-imobiliaria-novas-regras-a-partir-de-15-de-agosto-de-2018\\\/#article\",\"isPartOf\":{\"@id\":\"https:\\\/\\\/contaonline.pt\\\/imobiliaria\\\/contrato-mediacao-imobiliaria-novas-regras-a-partir-de-15-de-agosto-de-2018\\\/\"},\"author\":{\"name\":\"Amilcar Lopes\",\"@id\":\"https:\\\/\\\/contaonline.pt\\\/imobiliaria\\\/#\\\/schema\\\/person\\\/bab2ae8462a333e9189dba2eb4851c9d\"},\"headline\":\"Contrato media\u00e7\u00e3o imobili\u00e1ria - novas regras a partir de 15 de Agosto de 2018\",\"datePublished\":\"2018-09-14T11:51:54+00:00\",\"dateModified\":\"2022-12-05T16:29:56+00:00\",\"mainEntityOfPage\":{\"@id\":\"https:\\\/\\\/contaonline.pt\\\/imobiliaria\\\/contrato-mediacao-imobiliaria-novas-regras-a-partir-de-15-de-agosto-de-2018\\\/\"},\"wordCount\":2374,\"commentCount\":0,\"publisher\":{\"@id\":\"https:\\\/\\\/contaonline.pt\\\/imobiliaria\\\/#organization\"},\"image\":{\"@id\":\"https:\\\/\\\/contaonline.pt\\\/imobiliaria\\\/contrato-mediacao-imobiliaria-novas-regras-a-partir-de-15-de-agosto-de-2018\\\/#primaryimage\"},\"thumbnailUrl\":\"https:\\\/\\\/contaonline.pt\\\/imobiliaria\\\/wp-content\\\/uploads\\\/sites\\\/5\\\/2018\\\/08\\\/como-abrir-uma-empresa.jpg\",\"keywords\":[\"AMI\",\"Contrato\",\"Legisla\u00e7\u00e3o\"],\"articleSection\":[\"Abrir imobili\u00e1ria\"],\"inLanguage\":\"pt-PT\",\"potentialAction\":[{\"@type\":\"CommentAction\",\"name\":\"Comment\",\"target\":[\"https:\\\/\\\/contaonline.pt\\\/imobiliaria\\\/contrato-mediacao-imobiliaria-novas-regras-a-partir-de-15-de-agosto-de-2018\\\/#respond\"]}]},{\"@type\":\"WebPage\",\"@id\":\"https:\\\/\\\/contaonline.pt\\\/imobiliaria\\\/contrato-mediacao-imobiliaria-novas-regras-a-partir-de-15-de-agosto-de-2018\\\/\",\"url\":\"https:\\\/\\\/contaonline.pt\\\/imobiliaria\\\/contrato-mediacao-imobiliaria-novas-regras-a-partir-de-15-de-agosto-de-2018\\\/\",\"name\":\"Contratos de Media\u00e7\u00e3o Imobili\u00e1ria - tem novas regras a partir de Agosto 2018\",\"isPartOf\":{\"@id\":\"https:\\\/\\\/contaonline.pt\\\/imobiliaria\\\/#website\"},\"primaryImageOfPage\":{\"@id\":\"https:\\\/\\\/contaonline.pt\\\/imobiliaria\\\/contrato-mediacao-imobiliaria-novas-regras-a-partir-de-15-de-agosto-de-2018\\\/#primaryimage\"},\"image\":{\"@id\":\"https:\\\/\\\/contaonline.pt\\\/imobiliaria\\\/contrato-mediacao-imobiliaria-novas-regras-a-partir-de-15-de-agosto-de-2018\\\/#primaryimage\"},\"thumbnailUrl\":\"https:\\\/\\\/contaonline.pt\\\/imobiliaria\\\/wp-content\\\/uploads\\\/sites\\\/5\\\/2018\\\/08\\\/como-abrir-uma-empresa.jpg\",\"datePublished\":\"2018-09-14T11:51:54+00:00\",\"dateModified\":\"2022-12-05T16:29:56+00:00\",\"description\":\"A partir de agosto de 2018, as imobili\u00e1rias t\u00eam novas regras a cumprir nos contratos de media\u00e7\u00e3o imobili\u00e1ria que celebram com seus cliente.\",\"breadcrumb\":{\"@id\":\"https:\\\/\\\/contaonline.pt\\\/imobiliaria\\\/contrato-mediacao-imobiliaria-novas-regras-a-partir-de-15-de-agosto-de-2018\\\/#breadcrumb\"},\"inLanguage\":\"pt-PT\",\"potentialAction\":[{\"@type\":\"ReadAction\",\"target\":[\"https:\\\/\\\/contaonline.pt\\\/imobiliaria\\\/contrato-mediacao-imobiliaria-novas-regras-a-partir-de-15-de-agosto-de-2018\\\/\"]}]},{\"@type\":\"ImageObject\",\"inLanguage\":\"pt-PT\",\"@id\":\"https:\\\/\\\/contaonline.pt\\\/imobiliaria\\\/contrato-mediacao-imobiliaria-novas-regras-a-partir-de-15-de-agosto-de-2018\\\/#primaryimage\",\"url\":\"https:\\\/\\\/contaonline.pt\\\/imobiliaria\\\/wp-content\\\/uploads\\\/sites\\\/5\\\/2018\\\/08\\\/como-abrir-uma-empresa.jpg\",\"contentUrl\":\"https:\\\/\\\/contaonline.pt\\\/imobiliaria\\\/wp-content\\\/uploads\\\/sites\\\/5\\\/2018\\\/08\\\/como-abrir-uma-empresa.jpg\",\"width\":1094,\"height\":580},{\"@type\":\"BreadcrumbList\",\"@id\":\"https:\\\/\\\/contaonline.pt\\\/imobiliaria\\\/contrato-mediacao-imobiliaria-novas-regras-a-partir-de-15-de-agosto-de-2018\\\/#breadcrumb\",\"itemListElement\":[{\"@type\":\"ListItem\",\"position\":1,\"name\":\"In\u00edcio\",\"item\":\"https:\\\/\\\/contaonline.pt\\\/imobiliaria\\\/\"},{\"@type\":\"ListItem\",\"position\":2,\"name\":\"Contrato media\u00e7\u00e3o imobili\u00e1ria &#8211; novas regras a partir de 15 de Agosto de 2018\"}]},{\"@type\":\"WebSite\",\"@id\":\"https:\\\/\\\/contaonline.pt\\\/imobiliaria\\\/#website\",\"url\":\"https:\\\/\\\/contaonline.pt\\\/imobiliaria\\\/\",\"name\":\"Contabilidade para Imobili\u00e1rias 100% OnLine\",\"description\":\"Contabilidade para Imobili\u00e1ria, para te ajudar na abertura e gest\u00e3o da tua empresa de media\u00e7\u00e3o imobili\u00e1ria. FALA connosco AGORA\",\"publisher\":{\"@id\":\"https:\\\/\\\/contaonline.pt\\\/imobiliaria\\\/#organization\"},\"potentialAction\":[{\"@type\":\"SearchAction\",\"target\":{\"@type\":\"EntryPoint\",\"urlTemplate\":\"https:\\\/\\\/contaonline.pt\\\/imobiliaria\\\/?s={search_term_string}\"},\"query-input\":{\"@type\":\"PropertyValueSpecification\",\"valueRequired\":true,\"valueName\":\"search_term_string\"}}],\"inLanguage\":\"pt-PT\"},{\"@type\":\"Organization\",\"@id\":\"https:\\\/\\\/contaonline.pt\\\/imobiliaria\\\/#organization\",\"name\":\"Contaonline - Contabilidade Online para Imobili\u00e1rias\",\"url\":\"https:\\\/\\\/contaonline.pt\\\/imobiliaria\\\/\",\"logo\":{\"@type\":\"ImageObject\",\"inLanguage\":\"pt-PT\",\"@id\":\"https:\\\/\\\/contaonline.pt\\\/imobiliaria\\\/#\\\/schema\\\/logo\\\/image\\\/\",\"url\":\"https:\\\/\\\/contaonline.pt\\\/imobiliaria\\\/wp-content\\\/uploads\\\/sites\\\/5\\\/2018\\\/06\\\/logo_contaonline.png\",\"contentUrl\":\"https:\\\/\\\/contaonline.pt\\\/imobiliaria\\\/wp-content\\\/uploads\\\/sites\\\/5\\\/2018\\\/06\\\/logo_contaonline.png\",\"width\":246,\"height\":57,\"caption\":\"Contaonline - Contabilidade Online para Imobili\u00e1rias\"},\"image\":{\"@id\":\"https:\\\/\\\/contaonline.pt\\\/imobiliaria\\\/#\\\/schema\\\/logo\\\/image\\\/\"}},{\"@type\":\"Person\",\"@id\":\"https:\\\/\\\/contaonline.pt\\\/imobiliaria\\\/#\\\/schema\\\/person\\\/bab2ae8462a333e9189dba2eb4851c9d\",\"name\":\"Amilcar Lopes\",\"image\":{\"@type\":\"ImageObject\",\"inLanguage\":\"pt-PT\",\"@id\":\"https:\\\/\\\/secure.gravatar.com\\\/avatar\\\/7359f53581357b7e0bf9bc334403f6ca?s=96&d=mm&r=g\",\"url\":\"https:\\\/\\\/secure.gravatar.com\\\/avatar\\\/7359f53581357b7e0bf9bc334403f6ca?s=96&d=mm&r=g\",\"contentUrl\":\"https:\\\/\\\/secure.gravatar.com\\\/avatar\\\/7359f53581357b7e0bf9bc334403f6ca?s=96&d=mm&r=g\",\"caption\":\"Amilcar Lopes\"},\"description\":\"Sou consultor e contabilista certificado. A minha atividade profissional tem sido realizada no mundo das empresas e no imobili\u00e1rio: 30 anos em promo\u00e7\u00e3o, constru\u00e7\u00e3o e media\u00e7\u00e3o imobili\u00e1ria, 20 anos em contabilidade e gest\u00e3o.\"}]}<\/script>\n<!-- \/ Yoast SEO plugin. -->","yoast_head_json":{"title":"Contratos de Media\u00e7\u00e3o Imobili\u00e1ria - tem novas regras a partir de Agosto 2018","description":"A partir de agosto de 2018, as imobili\u00e1rias t\u00eam novas regras a cumprir nos contratos de media\u00e7\u00e3o imobili\u00e1ria que celebram com seus cliente.","robots":{"index":"index","follow":"follow","max-snippet":"max-snippet:-1","max-image-preview":"max-image-preview:large","max-video-preview":"max-video-preview:-1"},"canonical":"https:\/\/contaonline.pt\/imobiliaria\/contrato-mediacao-imobiliaria-novas-regras-a-partir-de-15-de-agosto-de-2018\/","og_locale":"pt_PT","og_type":"article","og_title":"Contratos de Media\u00e7\u00e3o Imobili\u00e1ria - tem novas regras a partir de Agosto 2018","og_description":"A partir de agosto de 2018, as imobili\u00e1rias t\u00eam novas regras a cumprir nos contratos de media\u00e7\u00e3o imobili\u00e1ria que celebram com seus cliente.","og_url":"https:\/\/contaonline.pt\/imobiliaria\/contrato-mediacao-imobiliaria-novas-regras-a-partir-de-15-de-agosto-de-2018\/","og_site_name":"Contabilidade Imobiliarias","article_published_time":"2018-09-14T11:51:54+00:00","article_modified_time":"2022-12-05T16:29:56+00:00","og_image":[{"width":1094,"height":580,"url":"https:\/\/contaonline.pt\/imobiliaria\/wp-content\/uploads\/sites\/5\/2018\/08\/como-abrir-uma-empresa.jpg","type":"image\/jpeg"}],"author":"Amilcar Lopes","twitter_card":"summary_large_image","twitter_misc":{"Escrito por":"Amilcar Lopes","Tempo estimado de leitura":"12 minutos"},"schema":{"@context":"https:\/\/schema.org","@graph":[{"@type":"Article","@id":"https:\/\/contaonline.pt\/imobiliaria\/contrato-mediacao-imobiliaria-novas-regras-a-partir-de-15-de-agosto-de-2018\/#article","isPartOf":{"@id":"https:\/\/contaonline.pt\/imobiliaria\/contrato-mediacao-imobiliaria-novas-regras-a-partir-de-15-de-agosto-de-2018\/"},"author":{"name":"Amilcar Lopes","@id":"https:\/\/contaonline.pt\/imobiliaria\/#\/schema\/person\/bab2ae8462a333e9189dba2eb4851c9d"},"headline":"Contrato media\u00e7\u00e3o imobili\u00e1ria - novas regras a partir de 15 de Agosto de 2018","datePublished":"2018-09-14T11:51:54+00:00","dateModified":"2022-12-05T16:29:56+00:00","mainEntityOfPage":{"@id":"https:\/\/contaonline.pt\/imobiliaria\/contrato-mediacao-imobiliaria-novas-regras-a-partir-de-15-de-agosto-de-2018\/"},"wordCount":2374,"commentCount":0,"publisher":{"@id":"https:\/\/contaonline.pt\/imobiliaria\/#organization"},"image":{"@id":"https:\/\/contaonline.pt\/imobiliaria\/contrato-mediacao-imobiliaria-novas-regras-a-partir-de-15-de-agosto-de-2018\/#primaryimage"},"thumbnailUrl":"https:\/\/contaonline.pt\/imobiliaria\/wp-content\/uploads\/sites\/5\/2018\/08\/como-abrir-uma-empresa.jpg","keywords":["AMI","Contrato","Legisla\u00e7\u00e3o"],"articleSection":["Abrir imobili\u00e1ria"],"inLanguage":"pt-PT","potentialAction":[{"@type":"CommentAction","name":"Comment","target":["https:\/\/contaonline.pt\/imobiliaria\/contrato-mediacao-imobiliaria-novas-regras-a-partir-de-15-de-agosto-de-2018\/#respond"]}]},{"@type":"WebPage","@id":"https:\/\/contaonline.pt\/imobiliaria\/contrato-mediacao-imobiliaria-novas-regras-a-partir-de-15-de-agosto-de-2018\/","url":"https:\/\/contaonline.pt\/imobiliaria\/contrato-mediacao-imobiliaria-novas-regras-a-partir-de-15-de-agosto-de-2018\/","name":"Contratos de Media\u00e7\u00e3o Imobili\u00e1ria - tem novas regras a partir de Agosto 2018","isPartOf":{"@id":"https:\/\/contaonline.pt\/imobiliaria\/#website"},"primaryImageOfPage":{"@id":"https:\/\/contaonline.pt\/imobiliaria\/contrato-mediacao-imobiliaria-novas-regras-a-partir-de-15-de-agosto-de-2018\/#primaryimage"},"image":{"@id":"https:\/\/contaonline.pt\/imobiliaria\/contrato-mediacao-imobiliaria-novas-regras-a-partir-de-15-de-agosto-de-2018\/#primaryimage"},"thumbnailUrl":"https:\/\/contaonline.pt\/imobiliaria\/wp-content\/uploads\/sites\/5\/2018\/08\/como-abrir-uma-empresa.jpg","datePublished":"2018-09-14T11:51:54+00:00","dateModified":"2022-12-05T16:29:56+00:00","description":"A partir de agosto de 2018, as imobili\u00e1rias t\u00eam novas regras a cumprir nos contratos de media\u00e7\u00e3o imobili\u00e1ria que celebram com seus cliente.","breadcrumb":{"@id":"https:\/\/contaonline.pt\/imobiliaria\/contrato-mediacao-imobiliaria-novas-regras-a-partir-de-15-de-agosto-de-2018\/#breadcrumb"},"inLanguage":"pt-PT","potentialAction":[{"@type":"ReadAction","target":["https:\/\/contaonline.pt\/imobiliaria\/contrato-mediacao-imobiliaria-novas-regras-a-partir-de-15-de-agosto-de-2018\/"]}]},{"@type":"ImageObject","inLanguage":"pt-PT","@id":"https:\/\/contaonline.pt\/imobiliaria\/contrato-mediacao-imobiliaria-novas-regras-a-partir-de-15-de-agosto-de-2018\/#primaryimage","url":"https:\/\/contaonline.pt\/imobiliaria\/wp-content\/uploads\/sites\/5\/2018\/08\/como-abrir-uma-empresa.jpg","contentUrl":"https:\/\/contaonline.pt\/imobiliaria\/wp-content\/uploads\/sites\/5\/2018\/08\/como-abrir-uma-empresa.jpg","width":1094,"height":580},{"@type":"BreadcrumbList","@id":"https:\/\/contaonline.pt\/imobiliaria\/contrato-mediacao-imobiliaria-novas-regras-a-partir-de-15-de-agosto-de-2018\/#breadcrumb","itemListElement":[{"@type":"ListItem","position":1,"name":"In\u00edcio","item":"https:\/\/contaonline.pt\/imobiliaria\/"},{"@type":"ListItem","position":2,"name":"Contrato media\u00e7\u00e3o imobili\u00e1ria &#8211; novas regras a partir de 15 de Agosto de 2018"}]},{"@type":"WebSite","@id":"https:\/\/contaonline.pt\/imobiliaria\/#website","url":"https:\/\/contaonline.pt\/imobiliaria\/","name":"Contabilidade para Imobili\u00e1rias 100% OnLine","description":"Contabilidade para Imobili\u00e1ria, para te ajudar na abertura e gest\u00e3o da tua empresa de media\u00e7\u00e3o imobili\u00e1ria. FALA connosco AGORA","publisher":{"@id":"https:\/\/contaonline.pt\/imobiliaria\/#organization"},"potentialAction":[{"@type":"SearchAction","target":{"@type":"EntryPoint","urlTemplate":"https:\/\/contaonline.pt\/imobiliaria\/?s={search_term_string}"},"query-input":{"@type":"PropertyValueSpecification","valueRequired":true,"valueName":"search_term_string"}}],"inLanguage":"pt-PT"},{"@type":"Organization","@id":"https:\/\/contaonline.pt\/imobiliaria\/#organization","name":"Contaonline - Contabilidade Online para Imobili\u00e1rias","url":"https:\/\/contaonline.pt\/imobiliaria\/","logo":{"@type":"ImageObject","inLanguage":"pt-PT","@id":"https:\/\/contaonline.pt\/imobiliaria\/#\/schema\/logo\/image\/","url":"https:\/\/contaonline.pt\/imobiliaria\/wp-content\/uploads\/sites\/5\/2018\/06\/logo_contaonline.png","contentUrl":"https:\/\/contaonline.pt\/imobiliaria\/wp-content\/uploads\/sites\/5\/2018\/06\/logo_contaonline.png","width":246,"height":57,"caption":"Contaonline - Contabilidade Online para Imobili\u00e1rias"},"image":{"@id":"https:\/\/contaonline.pt\/imobiliaria\/#\/schema\/logo\/image\/"}},{"@type":"Person","@id":"https:\/\/contaonline.pt\/imobiliaria\/#\/schema\/person\/bab2ae8462a333e9189dba2eb4851c9d","name":"Amilcar Lopes","image":{"@type":"ImageObject","inLanguage":"pt-PT","@id":"https:\/\/secure.gravatar.com\/avatar\/7359f53581357b7e0bf9bc334403f6ca?s=96&d=mm&r=g","url":"https:\/\/secure.gravatar.com\/avatar\/7359f53581357b7e0bf9bc334403f6ca?s=96&d=mm&r=g","contentUrl":"https:\/\/secure.gravatar.com\/avatar\/7359f53581357b7e0bf9bc334403f6ca?s=96&d=mm&r=g","caption":"Amilcar Lopes"},"description":"Sou consultor e contabilista certificado. A minha atividade profissional tem sido realizada no mundo das empresas e no imobili\u00e1rio: 30 anos em promo\u00e7\u00e3o, constru\u00e7\u00e3o e media\u00e7\u00e3o imobili\u00e1ria, 20 anos em contabilidade e gest\u00e3o."}]}},"_links":{"self":[{"href":"https:\/\/contaonline.pt\/imobiliaria\/wp-json\/wp\/v2\/posts\/351","targetHints":{"allow":["GET"]}}],"collection":[{"href":"https:\/\/contaonline.pt\/imobiliaria\/wp-json\/wp\/v2\/posts"}],"about":[{"href":"https:\/\/contaonline.pt\/imobiliaria\/wp-json\/wp\/v2\/types\/post"}],"author":[{"embeddable":true,"href":"https:\/\/contaonline.pt\/imobiliaria\/wp-json\/wp\/v2\/users\/1"}],"replies":[{"embeddable":true,"href":"https:\/\/contaonline.pt\/imobiliaria\/wp-json\/wp\/v2\/comments?post=351"}],"version-history":[{"count":5,"href":"https:\/\/contaonline.pt\/imobiliaria\/wp-json\/wp\/v2\/posts\/351\/revisions"}],"predecessor-version":[{"id":358,"href":"https:\/\/contaonline.pt\/imobiliaria\/wp-json\/wp\/v2\/posts\/351\/revisions\/358"}],"wp:featuredmedia":[{"embeddable":true,"href":"https:\/\/contaonline.pt\/imobiliaria\/wp-json\/wp\/v2\/media\/258"}],"wp:attachment":[{"href":"https:\/\/contaonline.pt\/imobiliaria\/wp-json\/wp\/v2\/media?parent=351"}],"wp:term":[{"taxonomy":"category","embeddable":true,"href":"https:\/\/contaonline.pt\/imobiliaria\/wp-json\/wp\/v2\/categories?post=351"},{"taxonomy":"post_tag","embeddable":true,"href":"https:\/\/contaonline.pt\/imobiliaria\/wp-json\/wp\/v2\/tags?post=351"}],"curies":[{"name":"wp","href":"https:\/\/api.w.org\/{rel}","templated":true}]}}