{"id":128,"date":"2018-06-15T11:05:51","date_gmt":"2018-06-15T11:05:51","guid":{"rendered":"https:\/\/contaonline.pt\/imobiliaria\/?p=128"},"modified":"2022-12-05T16:25:36","modified_gmt":"2022-12-05T16:25:36","slug":"licenca-ami-preco-mediacao-imobiliaria","status":"publish","type":"post","link":"https:\/\/contaonline.pt\/imobiliaria\/licenca-ami-preco-mediacao-imobiliaria\/","title":{"rendered":"Quais os custos da obten\u00e7\u00e3o de uma licen\u00e7a AMI para media\u00e7\u00e3o imobili\u00e1ria?"},"content":{"rendered":"<div id=\"dslc-content\" class=\"dslc-content dslc-clearfix\"><div id=\"dslc-header\" class=\"dslc-header-pos-relative \" data-hf >\r\n\t\t\t<div  class=\"dslc-modules-section \" style=\"padding-top:10px;padding-bottom:10px;background-color:rgba(0,0,0,0);border-color:#cd2026;border-width:2px;border-right-style: hidden; border-bottom-style: hidden; border-left-style: hidden; \" data-section-id=\"32865561db0\">\r\n\t\t\t\t<div class=\"dslc-bg-video dslc-force-show\"><div class=\"dslc-bg-video-overlay\" style=\"background-color:#ffffff; opacity:0.7; \"><\/div><\/div>\r\n\t\t\t\t\r\n\t\t\t\t<div class=\"dslc-modules-section-wrapper dslc-clearfix\"><div  class=\"dslc-modules-area dslc-col dslc-3-col dslc-first-col dslc-valign- \" data-size=\"3\" data-valign=\"\" data-modules-area-id=\"\" ><style type=\"text\/css\" id=\"dslca-modules-area-\"><\/style>\r\n\t\t<div id=\"dslc-module-7667b3404be\" class=\"dslc-module-front dslc-module-DSLC_Image dslc-in-viewport-check dslc-in-viewport-anim-none  dslc-col dslc-12-col dslc-last-col  dslc-module-handle-like-regular \" data-module-id=\"7667b3404be\" data-module=\"DSLC_Image\" data-dslc-module-size=\"12\" data-dslc-anim=\"none\" data-dslc-anim-delay=\"\" data-dslc-anim-duration=\"650\"  data-dslc-anim-easing=\"ease\" data-dslc-preset=\"none\" >\r\n\r\n\t\t\t\r\n\t\t\t\r\n\t\t\t\t<div class=\"dslc-image-container\">\r\n\t\t<div class=\"dslc-image\">\r\n\r\n\t\t\t\r\n\t\t\t\t\r\n\t\t\t\t\t\t\t\t\t<a class=\"\" href=\"https:\/\/contaonline.pt\/imobiliaria\" target=\"_self\"  >\r\n\t\t\t\t\t\t\t\t\t<img src=\"https:\/\/contaonline.pt\/imobiliaria\/wp-content\/uploads\/sites\/5\/2018\/06\/logo_contaonline.png\" alt=\"\" title=\"\"   \/>\r\n\t\t\t\t\t\t\t\t\t<\/a>\r\n\t\t\t\t\r\n\t\t\t\t\t\t\t\t\t<\/div><!-- .dslc-image -->\r\n\t\t<\/div>\r\n\t\t\r\n\t\t\t\t<\/div><!-- .dslc-module -->\r\n\t\t<\/div><div  class=\"dslc-modules-area dslc-col dslc-9-col dslc-last-col dslc-valign- \" data-size=\"9\" data-valign=\"\" data-modules-area-id=\"\" ><style type=\"text\/css\" id=\"dslca-modules-area-\"><\/style>\r\n\t\t<div id=\"dslc-module-9908136acc6\" class=\"dslc-module-front dslc-module-DSLC_Navigation dslc-in-viewport-check dslc-in-viewport-anim-none  dslc-col dslc-12-col dslc-last-col  dslc-module-handle-like-regular \" data-module-id=\"9908136acc6\" data-module=\"DSLC_Navigation\" data-dslc-module-size=\"12\" data-dslc-anim=\"none\" data-dslc-anim-delay=\"0\" data-dslc-anim-duration=\"650\"  data-dslc-anim-easing=\"default\" data-dslc-preset=\"none\" >\r\n\r\n\t\t\t\r\n\t\t\t\r\n\t\t\t\t\t<div class=\"dslc-navigation dslc-navigation-sub-position-default dslc-navigation-res-t-enabled dslc-navigation-res-p-enabled dslc-navigation-orientation-horizontal\">\n\t\t\t\t<div class=\"dslc-navigation-inner\">\n\t\t\t\t\t<div class=\"menu-cabecalho-container\"><ul id=\"menu-cabecalho\" class=\"menu\"><li id=\"menu-item-1004\" class=\"menu-item menu-item-type-custom menu-item-object-custom menu-item-home menu-item-1004\"><a href=\"https:\/\/contaonline.pt\/imobiliaria\/\">In\u00edcio<\/a><\/li>\n<li id=\"menu-item-702\" class=\"menu-item menu-item-type-post_type menu-item-object-page menu-item-702\"><a href=\"https:\/\/contaonline.pt\/imobiliaria\/abrir-imobiliaria\/\">Abrir Imobili\u00e1ria<\/a><\/li>\n<li id=\"menu-item-701\" class=\"menu-item menu-item-type-post_type menu-item-object-page menu-item-701\"><a href=\"https:\/\/contaonline.pt\/imobiliaria\/mudar-contabilidade-digital\/\">Mudar<\/a><\/li>\n<li id=\"menu-item-700\" class=\"menu-item menu-item-type-post_type menu-item-object-page menu-item-700\"><a href=\"https:\/\/contaonline.pt\/imobiliaria\/artigos-abrir-imobiliaria-contaonline-contabilidade\/\">Blog<\/a><\/li>\n<li id=\"menu-item-698\" class=\"menu-item menu-item-type-post_type menu-item-object-page menu-item-698\"><a href=\"https:\/\/contaonline.pt\/imobiliaria\/recrutamento\/\">Recrutamento<\/a><\/li>\n<li id=\"menu-item-699\" class=\"menu-item menu-item-type-post_type menu-item-object-page menu-item-699\"><a href=\"https:\/\/contaonline.pt\/imobiliaria\/contato\/\">Contato<\/a><\/li>\n<\/ul><\/div>\n\t\t\t\t\t\t\t\t\t<\/div>\n\t\t\t<\/div>\n\t\t\t<div class=\"dslc-mobile-navigation dslc-navigation-res-t-enabled  dslc-navigation-res-p-enabled\">\n\t\t\t\t<select><option>- Select -<\/option><option value=\"https:\/\/contaonline.pt\/imobiliaria\/\" >In\u00edcio<\/option><option value=\"https:\/\/contaonline.pt\/imobiliaria\/abrir-imobiliaria\/\" >Abrir Imobili\u00e1ria<\/option><option value=\"https:\/\/contaonline.pt\/imobiliaria\/mudar-contabilidade-digital\/\" >Mudar<\/option><option value=\"https:\/\/contaonline.pt\/imobiliaria\/artigos-abrir-imobiliaria-contaonline-contabilidade\/\" >Blog<\/option><option value=\"https:\/\/contaonline.pt\/imobiliaria\/recrutamento\/\" >Recrutamento<\/option><option value=\"https:\/\/contaonline.pt\/imobiliaria\/contato\/\" >Contato<\/option><\/select>\n\t\t\t\t<div class=\"dslc-mobile-navigation-hook\"><span class=\"dslc-icon dslc-icon-reorder\"><\/span><\/div>\n\t\t\t<\/div><!-- .dslc-mobile-navigation -->\n\n\t\t\t\n\t\t\t<script type=\"text\/javascript\">\n\t\t\t\tvar menuItems = document.querySelectorAll( '.dslc-navigation .menu > li.menu-item-has-children:not(.menu-with-arrow) > a' );\n\n\t\t\t\tfor (var i = 0, len = menuItems.length; i < len; i++) {\n\t\t\t\t  menuItems[i].insertAdjacentHTML('afterend', '<span class=\"dslc-navigation-arrow dslc-icon dslc-icon-chevron-down\"><\/span>');\n\t\t\t\t  menuItems[i].parentElement.className += \" menu-with-arrow\";\n\t\t\t\t}\n\t\t\t<\/script>\n\t\t\t\r\n\t\t\t\t<\/div><!-- .dslc-module -->\r\n\t\t<\/div><\/div><\/div><\/div><div id=\"dslc-main\">\r\n\t\t\t<div  class=\"dslc-modules-section \" style=\"padding-top:20px;padding-bottom:20px;\" data-section-id=\"032ece486bc\">\r\n\t\t\t\t\r\n\t\t\t\t\r\n\t\t\t\t<div class=\"dslc-modules-section-wrapper dslc-clearfix\"><div  class=\"dslc-modules-area dslc-col dslc-12-col dslc-last-col dslc-valign- \" data-size=\"12\" data-valign=\"\" data-modules-area-id=\"\" ><style type=\"text\/css\" id=\"dslca-modules-area-\"><\/style>\r\n\t\t<div id=\"dslc-module-ec9aefbda95\" class=\"dslc-module-front dslc-module-DSLC_TP_Title dslc-in-viewport-check dslc-in-viewport-anim-none  dslc-col dslc-12-col dslc-last-col  dslc-module-handle-like-regular \" data-module-id=\"ec9aefbda95\" data-module=\"DSLC_TP_Title\" data-dslc-module-size=\"12\" data-dslc-anim=\"none\" data-dslc-anim-delay=\"\" data-dslc-anim-duration=\"650\"  data-dslc-anim-easing=\"ease\" data-dslc-preset=\"none\" >\r\n\r\n\t\t\t\r\n\t\t\t\r\n\t\t\r\n\t<div class=\"dslc-tp-title\">\r\n\t\t\t\t\t<div class=\"dslc-tp-title\"><h1>Quais os custos da obten\u00e7\u00e3o de uma licen\u00e7a AMI para media\u00e7\u00e3o imobili\u00e1ria?<\/h1><\/div>\r\n\t\t\t<\/div>\r\n\r\n\t\r\n\t\t\t\t<\/div><!-- .dslc-module -->\r\n\t\t\r\n\t\t<div id=\"dslc-module-0fb9f19550e\" class=\"dslc-module-front dslc-module-DSLC_TP_Excerpt dslc-in-viewport-check dslc-in-viewport-anim-none  dslc-col dslc-12-col dslc-last-col  dslc-module-handle-like-regular \" data-module-id=\"0fb9f19550e\" data-module=\"DSLC_TP_Excerpt\" data-dslc-module-size=\"12\" data-dslc-anim=\"none\" data-dslc-anim-delay=\"\" data-dslc-anim-duration=\"650\"  data-dslc-anim-easing=\"ease\" data-dslc-preset=\"none\" >\r\n\r\n\t\t\t\r\n\t\t\t\r\n\t\t\r\n\t\t\t\t<\/div><!-- .dslc-module -->\r\n\t\t<\/div><\/div><\/div>\r\n\t\t\t<div  class=\"dslc-modules-section \" style=\"padding-top:20px;padding-bottom:20px;background-color:rgba(230, 230, 230, 0);border-color:rgb(230, 230, 230);border-width:1px;border-right-style: hidden; border-bottom-style: hidden; border-left-style: hidden; \" data-section-id=\"3c80b6d6bc1\">\r\n\t\t\t\t\r\n\t\t\t\t\r\n\t\t\t\t<div class=\"dslc-modules-section-wrapper dslc-clearfix\"><div  class=\"dslc-modules-area dslc-col dslc-8-col dslc-first-col dslc-valign- \" data-size=\"8\" data-valign=\"\" data-modules-area-id=\"\" ><style type=\"text\/css\" id=\"dslca-modules-area-\"><\/style>\r\n\t\t<div id=\"dslc-module-8f10769f814\" class=\"dslc-module-front dslc-module-DSLC_TP_Meta dslc-in-viewport-check dslc-in-viewport-anim-none  dslc-col dslc-12-col dslc-last-col  dslc-module-handle-like-regular \" data-module-id=\"8f10769f814\" data-module=\"DSLC_TP_Meta\" data-dslc-module-size=\"12\" data-dslc-anim=\"none\" data-dslc-anim-delay=\"\" data-dslc-anim-duration=\"650\"  data-dslc-anim-easing=\"ease\" data-dslc-preset=\"none\" >\r\n\r\n\t\t\t\r\n\t\t\t\r\n\t\t\r\n\t\t\t\t<div class=\"dslc-tp-meta dslc-tp-meta-horizontal\">\r\n\t\t\t\t\t<ul class=\"dslc-clearfix\">\r\n\r\n\t\t\t\t\t\t\t\t\t\t\t\t\t<li>15 Junho, 2018<\/li>\r\n\t\t\t\t\t\t\r\n\t\t\t\t\t\t\r\n\t\t\t\t\t\t\t\t\t\t\t\t\t\t\t\t\t\t\t\t\t<li><a href=\"https:\/\/contaonline.pt\/imobiliaria\/category\/abrir-imobiliaria\/\">Abrir imobili\u00e1ria<\/a>, <a href=\"https:\/\/contaonline.pt\/imobiliaria\/category\/licenca-ami\/\">Licen\u00e7a AMI<\/a><\/li>\t\t\t\t\t\t\t\t\t\t\t\t\t\r\n\t\t\t\t\t\t\r\n\t\t\t\t\t\t\r\n\t\t\t\t\t<\/ul>\r\n\t\t\t\t<\/div>\r\n\r\n\t\t\t\r\n\t\t\t\t<\/div><!-- .dslc-module -->\r\n\t\t\r\n\t\t<div id=\"dslc-module-6dd53aefb66\" class=\"dslc-module-front dslc-module-DSLC_TP_Content dslc-in-viewport-check dslc-in-viewport-anim-none  dslc-col dslc-12-col dslc-last-col  dslc-module-handle-like-regular \" data-module-id=\"6dd53aefb66\" data-module=\"DSLC_TP_Content\" data-dslc-module-size=\"12\" data-dslc-anim=\"none\" data-dslc-anim-delay=\"\" data-dslc-anim-duration=\"650\"  data-dslc-anim-easing=\"ease\" data-dslc-preset=\"none\" >\r\n\r\n\t\t\t\r\n\t\t\t\r\n\t\t\t\t<div class=\"dslc-tp-content\">\r\n\t\t\t<h1>Est\u00e1 na fase do licenciamento AMI?<\/h1>\n<h5>Saiba que pode faz\u00ea-lo <a href=\"https:\/\/contaonline.pt\/imobiliaria\/licenciamento-para-mediacao-imobiliaria-agora-e-online\/\" target=\"_blank\" rel=\"noopener\">Online<\/a> ou da <a href=\"https:\/\/contaonline.pt\/imobiliaria\/o-que-precisa-para-obter-uma-licenca-ami-para-mediacao-imobiliaria\/\" target=\"_blank\" rel=\"noopener\">forma tradicional<\/a>. O processo de atribui\u00e7\u00e3o s\u00f3 ficar\u00e1 completo depois de pagar as respectivas taxas.<\/h5>\n<p>O custo de uma licen\u00e7a de media\u00e7\u00e3o imobili\u00e1ria pode ser consultado na Portaria n\u00ba 199\/2013, de 31 de maio, que a seguir se referem, resumidamente,\u00a0<u>n\u00e3o substituindo a leitura da Portaria:<\/u><\/p>\n<ul>\n<li>Licenciamento* - 100 \u20ac<\/li>\n<li>Registo ** - 50 \u20ac<\/li>\n<li>Regula\u00e7\u00e3o da atividade (anual) - 265 \u20ac<\/li>\n<li>2\u00aa via de cart\u00e3o de representante legal - 25 \u20ac<\/li>\n<li>Licenciamento com agravamento por falta de pagamento de taxa em pedido anterior - 150 \u20ac<\/li>\n<li>Licenciamento com agravamento por falta de pagamento de taxa anual de regula\u00e7\u00e3o em pedido anterior - 150 \u20ac<\/li>\n<li>Emiss\u00e3o de certid\u00f5es ou declara\u00e7\u00f5es - 25 \u20ac<\/li>\n<\/ul>\n<p><span style=\"font-size: 10pt;\">* Com a emiss\u00e3o da licen\u00e7a de media\u00e7\u00e3o imobili\u00e1ria e dos cart\u00f5es dos representantes legais da empresa, para al\u00e9m do pagamento da taxa devida pelo licenciamento (valor fixo de \u20ac100), deve ser simultaneamente paga a taxa anual de regula\u00e7\u00e3o da atividade (taxa de valor vari\u00e1vel), no montante proporcional ao n\u00famero de meses completos por decorrer at\u00e9 \u00e0 conclus\u00e3o do ano civil em curso. A data a considerar para calcular o montante proporcional da taxa anual de regula\u00e7\u00e3o, ser\u00e1 a data da emiss\u00e3o da guia.\u00a0<\/span><\/p>\n<p><span style=\"font-size: 10pt;\">** \u00c0 semelhan\u00e7a do referido no par\u00e1grafo acima, a taxa final devida pelo registo tamb\u00e9m \u00e9 composta por duas parcelas, uma de valor fixo no montante de \u20ac50 e outra de valor vari\u00e1vel no montante proporcional ao n\u00famero de meses completos por decorrer at\u00e9 \u00e0 conclus\u00e3o do ano civil em curso.<\/span><\/p>\n<p><em><span style=\"font-size: 8pt;\">Fonte:\u00a0<a href=\"http:\/\/www.impic.pt\/impic\/faqswww\/popup_mediacao_i.php\">http:\/\/www.impic.pt\/<\/a><\/span><\/em><\/p>\n\t\t<\/div>\r\n\t\t\r\n\t\t\t\t<\/div><!-- .dslc-module -->\r\n\t\t\r\n\t\t<div id=\"dslc-module-9dd818ed500\" class=\"dslc-module-front dslc-module-DSLC_TP_Comments dslc-in-viewport-check dslc-in-viewport-anim-none  dslc-col dslc-12-col dslc-last-col  dslc-module-handle-like-regular \" data-module-id=\"9dd818ed500\" data-module=\"DSLC_TP_Comments\" data-dslc-module-size=\"12\" data-dslc-anim=\"none\" data-dslc-anim-delay=\"\" data-dslc-anim-duration=\"650\"  data-dslc-anim-easing=\"ease\" data-dslc-preset=\"none\" >\r\n\r\n\t\t\t\r\n\t\t\t\r\n\t\t\t\t\r\n\t\t\t<div class=\"dslc-tp-comments\" id=\"comments\">\r\n\r\n\t\t\t\t\r\n\t\t\t\t\t\r\n\t\t\t\t\t\t\r\n\t\t\t\t\t\t\r\n\t\t\t\t\t\t<ol class=\"comments clean-list\">\r\n\t\t\t\t\t\t\t\n\t\t\t\t<li class=\"comment even thread-even depth-1 dslc-comment\" id=\"dslc-comment-204\">\n\n\t\t\t\t\t<div id=\"comment-204\" class=\"dslc-comment-inner\">\n\n\t\t\t\t\t\t<div class=\"dslc-comment-info dslc-clearfix\">\n\n\t\t\t\t\t\t\t<ul class=\"dslc-comment-meta dslc-clearfix\">\n\t\t\t\t\t\t\t\t<li class=\"dslc-comment-meta-author\"><span class=\"dslc-comment-author-avatar\"><img alt='' src='https:\/\/secure.gravatar.com\/avatar\/9e9b5ee8b0696ee3314e838cbc6688ea?s=33&#038;d=mm&#038;r=g' srcset='https:\/\/secure.gravatar.com\/avatar\/9e9b5ee8b0696ee3314e838cbc6688ea?s=66&#038;d=mm&#038;r=g 2x' class='avatar avatar-33 photo' height='33' width='33' \/><\/span>Ana<\/li>\n\t\t\t\t\t\t\t\t<li class=\"dslc-comment-meta-date\">10 Julho, 2022<\/li>\n\t\t\t\t\t\t\t<\/ul>\n\n\t\t\t\t\t\t\t<span class=\"dslc-comment-reply\">\n\t\t\t\t\t\t\t\t<a rel=\"nofollow\" class=\"comment-reply-link\" href=\"#comment-204\" data-commentid=\"204\" data-postid=\"128\" data-belowelement=\"comment-204\" data-respondelement=\"respond\" data-replyto=\"Responder a Ana\" aria-label=\"Responder a Ana\">Responder<\/a>\t\t\t\t\t\t\t<\/span>\n\n\t\t\t\t\t\t<\/div><!-- .comment-info -->\n\n\t\t\t\t\t\t<div class=\"dslc-comment-main\">\n\n\t\t\t\t\t\t\t<p>Gostei<\/p>\n\n\t\t\t\t\t\t<\/div><!-- .comment-main -->\n\n\t\t\t\t\t<\/div><!-- .comment-inner -->\n\n\t\t\t\t<ul class=\"children\">\n\n\t\t\t\t<li class=\"comment byuser comment-author-amilcar bypostauthor odd alt depth-2 dslc-comment\" id=\"dslc-comment-205\">\n\n\t\t\t\t\t<div id=\"comment-205\" class=\"dslc-comment-inner\">\n\n\t\t\t\t\t\t<div class=\"dslc-comment-info dslc-clearfix\">\n\n\t\t\t\t\t\t\t<ul class=\"dslc-comment-meta dslc-clearfix\">\n\t\t\t\t\t\t\t\t<li class=\"dslc-comment-meta-author\"><span class=\"dslc-comment-author-avatar\"><img alt='' src='https:\/\/secure.gravatar.com\/avatar\/7359f53581357b7e0bf9bc334403f6ca?s=33&#038;d=mm&#038;r=g' srcset='https:\/\/secure.gravatar.com\/avatar\/7359f53581357b7e0bf9bc334403f6ca?s=66&#038;d=mm&#038;r=g 2x' class='avatar avatar-33 photo' height='33' width='33' \/><\/span>Amilcar Lopes<\/li>\n\t\t\t\t\t\t\t\t<li class=\"dslc-comment-meta-date\">10 Julho, 2022<\/li>\n\t\t\t\t\t\t\t<\/ul>\n\n\t\t\t\t\t\t\t<span class=\"dslc-comment-reply\">\n\t\t\t\t\t\t\t\t<a rel=\"nofollow\" class=\"comment-reply-link\" href=\"#comment-205\" data-commentid=\"205\" data-postid=\"128\" data-belowelement=\"comment-205\" data-respondelement=\"respond\" data-replyto=\"Responder a Amilcar Lopes\" aria-label=\"Responder a Amilcar Lopes\">Responder<\/a>\t\t\t\t\t\t\t<\/span>\n\n\t\t\t\t\t\t<\/div><!-- .comment-info -->\n\n\t\t\t\t\t\t<div class=\"dslc-comment-main\">\n\n\t\t\t\t\t\t\t<p>\ud83d\ude03\ud83d\udc4d<\/p>\n\n\t\t\t\t\t\t<\/div><!-- .comment-main -->\n\n\t\t\t\t\t<\/div><!-- .comment-inner -->\n\n\t\t\t\t<\/li><!-- #comment-## -->\n<\/ul><!-- .children -->\n<\/li><!-- #comment-## -->\n\n\t\t\t\t<li class=\"comment even thread-odd thread-alt depth-1 dslc-comment\" id=\"dslc-comment-184\">\n\n\t\t\t\t\t<div id=\"comment-184\" class=\"dslc-comment-inner\">\n\n\t\t\t\t\t\t<div class=\"dslc-comment-info dslc-clearfix\">\n\n\t\t\t\t\t\t\t<ul class=\"dslc-comment-meta dslc-clearfix\">\n\t\t\t\t\t\t\t\t<li class=\"dslc-comment-meta-author\"><span class=\"dslc-comment-author-avatar\"><img alt='' src='https:\/\/secure.gravatar.com\/avatar\/c361de9327fa1e28545adbef807796da?s=33&#038;d=mm&#038;r=g' srcset='https:\/\/secure.gravatar.com\/avatar\/c361de9327fa1e28545adbef807796da?s=66&#038;d=mm&#038;r=g 2x' class='avatar avatar-33 photo' height='33' width='33' \/><\/span>JAIME SANTOIS<\/li>\n\t\t\t\t\t\t\t\t<li class=\"dslc-comment-meta-date\">15 Setembro, 2021<\/li>\n\t\t\t\t\t\t\t<\/ul>\n\n\t\t\t\t\t\t\t<span class=\"dslc-comment-reply\">\n\t\t\t\t\t\t\t\t<a rel=\"nofollow\" class=\"comment-reply-link\" href=\"#comment-184\" data-commentid=\"184\" data-postid=\"128\" data-belowelement=\"comment-184\" data-respondelement=\"respond\" data-replyto=\"Responder a JAIME SANTOIS\" aria-label=\"Responder a JAIME SANTOIS\">Responder<\/a>\t\t\t\t\t\t\t<\/span>\n\n\t\t\t\t\t\t<\/div><!-- .comment-info -->\n\n\t\t\t\t\t\t<div class=\"dslc-comment-main\">\n\n\t\t\t\t\t\t\t<p>Muito bem explicito.Obrigado<\/p>\n\n\t\t\t\t\t\t<\/div><!-- .comment-main -->\n\n\t\t\t\t\t<\/div><!-- .comment-inner -->\n\n\t\t\t\t<ul class=\"children\">\n\n\t\t\t\t<li class=\"comment byuser comment-author-amilcar bypostauthor odd alt depth-2 dslc-comment\" id=\"dslc-comment-185\">\n\n\t\t\t\t\t<div id=\"comment-185\" class=\"dslc-comment-inner\">\n\n\t\t\t\t\t\t<div class=\"dslc-comment-info dslc-clearfix\">\n\n\t\t\t\t\t\t\t<ul class=\"dslc-comment-meta dslc-clearfix\">\n\t\t\t\t\t\t\t\t<li class=\"dslc-comment-meta-author\"><span class=\"dslc-comment-author-avatar\"><img alt='' src='https:\/\/secure.gravatar.com\/avatar\/7359f53581357b7e0bf9bc334403f6ca?s=33&#038;d=mm&#038;r=g' srcset='https:\/\/secure.gravatar.com\/avatar\/7359f53581357b7e0bf9bc334403f6ca?s=66&#038;d=mm&#038;r=g 2x' class='avatar avatar-33 photo' height='33' width='33' \/><\/span>Amilcar Lopes<\/li>\n\t\t\t\t\t\t\t\t<li class=\"dslc-comment-meta-date\">15 Setembro, 2021<\/li>\n\t\t\t\t\t\t\t<\/ul>\n\n\t\t\t\t\t\t\t<span class=\"dslc-comment-reply\">\n\t\t\t\t\t\t\t\t<a rel=\"nofollow\" class=\"comment-reply-link\" href=\"#comment-185\" data-commentid=\"185\" data-postid=\"128\" data-belowelement=\"comment-185\" data-respondelement=\"respond\" data-replyto=\"Responder a Amilcar Lopes\" aria-label=\"Responder a Amilcar Lopes\">Responder<\/a>\t\t\t\t\t\t\t<\/span>\n\n\t\t\t\t\t\t<\/div><!-- .comment-info -->\n\n\t\t\t\t\t\t<div class=\"dslc-comment-main\">\n\n\t\t\t\t\t\t\t<p>\ud83d\udc4d obrigado \ud83d\ude0a<\/p>\n\n\t\t\t\t\t\t<\/div><!-- .comment-main -->\n\n\t\t\t\t\t<\/div><!-- .comment-inner -->\n\n\t\t\t\t<\/li><!-- #comment-## -->\n<\/ul><!-- .children -->\n<\/li><!-- #comment-## -->\n\t\t\t\t\t\t<\/ol><!-- .commentlist -->\r\n\r\n\t\t\t\t\t\t\r\n\t\t\t\t\t\r\n\t\t\t\t\t\r\n\t\t\t\t\r\n\t\t\t<\/div><!-- dslc-tp-comments -->\r\n\r\n\t\t\r\n\t\r\n\t\t\t\t<\/div><!-- .dslc-module -->\r\n\t\t\r\n\t\t<div id=\"dslc-module-330ad314f3a\" class=\"dslc-module-front dslc-module-DSLC_TP_Comments_Form dslc-in-viewport-check dslc-in-viewport-anim-none  dslc-col dslc-12-col dslc-last-col  dslc-module-handle-like-regular \" data-module-id=\"330ad314f3a\" data-module=\"DSLC_TP_Comments_Form\" data-dslc-module-size=\"12\" data-dslc-anim=\"none\" data-dslc-anim-delay=\"\" data-dslc-anim-duration=\"650\"  data-dslc-anim-easing=\"ease\" data-dslc-preset=\"none\" >\r\n\r\n\t\t\t\r\n\t\t\t\r\n\t\t\t\t\r\n\t\t<div class=\"dslc-tp-comment-form\">\r\n\r\n\t\t\t\t<div id=\"respond\" class=\"comment-respond\">\n\t\t<h3 id=\"reply-title\" class=\"comment-reply-title\">Gostaste? Deixa-nos a tua opini\u00e3o  <small><a rel=\"nofollow\" id=\"cancel-comment-reply-link\" href=\"\/imobiliaria\/wp-json\/wp\/v2\/posts\/128#respond\" style=\"display:none;\">cancel<\/a><\/small><\/h3><form action=\"https:\/\/contaonline.pt\/imobiliaria\/wp-comments-post.php\" method=\"post\" id=\"commentform\" class=\"comment-form\" novalidate><div class=\"comment-form-name\"><input id=\"author\" name=\"author\" type=text value=\"\" size=\"30\" placeholder=\"Nome *\" aria-required=\"true\" \/><\/div>\n<div class=\"comment-form-email\"><input id=\"email\" name=\"email\" type=text value=\"\" size=\"30\" placeholder=\"Email *\" aria-required=\"true\" \/><\/div>\n<div class=\"comment-form-website\"><input id=\"url\" name=\"url\" type=text value=\"\" size=\"30\" placeholder=\"Site\" \/><\/div>\n<div class=\"comment-form-comment\"><textarea id=\"comment\" name=\"comment\" placeholder=\"Escreve aqui o teu coment\u00e1rio\" aria-required=\"true\"><\/textarea><\/div><p class=\"comment-form-cookies-consent\"><input id=\"wp-comment-cookies-consent\" name=\"wp-comment-cookies-consent\" type=\"checkbox\" value=\"yes\" \/><label for=\"wp-comment-cookies-consent\">Save my name, email, and website in this browser for the next time I comment.<\/label><\/p>\n<p class=\"form-submit\"><input name=\"submit\" type=\"submit\" id=\"submit\" class=\"submit\" value=\"Enviar Coment\u00e1rio\" \/> <input type='hidden' name='comment_post_ID' value='128' id='comment_post_ID' \/>\n<input type='hidden' name='comment_parent' id='comment_parent' value='0' \/>\n<\/p><p style=\"display: none;\"><input type=\"hidden\" id=\"akismet_comment_nonce\" name=\"akismet_comment_nonce\" value=\"c6a92f721b\" \/><\/p><p style=\"display: none !important;\" class=\"akismet-fields-container\" data-prefix=\"ak_\"><label>&#916;<textarea name=\"ak_hp_textarea\" cols=\"45\" rows=\"8\" maxlength=\"100\"><\/textarea><\/label><input type=\"hidden\" id=\"ak_js_1\" name=\"ak_js\" value=\"56\"\/><script type=\"text\/javascript\">\n\/* <![CDATA[ *\/\ndocument.getElementById( \"ak_js_1\" ).setAttribute( \"value\", ( new Date() ).getTime() );\n\/* ]]> *\/\n<\/script>\n<\/p><\/form>\t<\/div><!-- #respond -->\n\t\r\n\t\t<\/div><!-- dslc-tp-comment-form -->\r\n\r\n\t\t\t\t<style type=\"text\/css\">\r\n\t\t\t.dslc-tp-comment-form input[type=text]::-moz-placeholder, .dslc-tp-comment-form input[type=url]::-moz-placeholder, .dslc-tp-comment-form input[type=email]::-moz-placeholder, .dslc-tp-comment-form textarea::-moz-placeholder {\r\n\t\t\t\tcolor: #4d4d4d;\r\n\t\t\t}\r\n\t\t\t.dslc-tp-comment-form input[type=text]::-webkit-input-placeholder, .dslc-tp-comment-form input[type=url]::-webkit-input-placeholder, .dslc-tp-comment-form input[type=email]::-webkit-input-placeholder, .dslc-tp-comment-form textarea::-webkit-input-placeholder {\r\n\t\t\t\tcolor: #4d4d4d;\r\n\t\t\t}\r\n\t\t\t.dslc-tp-comment-form input[type=text]:-ms-input-placeholder, .dslc-tp-comment-form input[type=url]:-ms-input-placeholder, .dslc-tp-comment-form input[type=email]:-ms-input-placeholder, .dslc-tp-comment-form textarea:-ms-input-placeholder {\r\n\t\t\t\tcolor: #4d4d4d;\r\n\t\t\t}\r\n\t\t<\/style>\r\n\t\t\r\n\t\r\n\t\t\t\t<\/div><!-- .dslc-module -->\r\n\t\t<\/div><div  class=\"dslc-modules-area dslc-col dslc-4-col dslc-last-col dslc-valign- \" data-size=\"4\" data-valign=\"\" data-modules-area-id=\"\" ><style type=\"text\/css\" id=\"dslca-modules-area-\"><\/style>\r\n\t\t<div id=\"dslc-module-3dcc6b25c61\" class=\"dslc-module-front dslc-module-DSLC_Separator dslc-in-viewport-check dslc-in-viewport-anim-none  dslc-col dslc-12-col dslc-last-col dslc-hide-on-phone  dslc-module-handle-like-regular \" data-module-id=\"3dcc6b25c61\" data-module=\"DSLC_Separator\" data-dslc-module-size=\"12\" data-dslc-anim=\"none\" data-dslc-anim-delay=\"\" data-dslc-anim-duration=\"650\"  data-dslc-anim-easing=\"ease\" data-dslc-preset=\"none\" >\r\n\r\n\t\t\t\r\n\t\t\t\r\n\t\t\t\t\t<div class=\"dslc-separator-wrapper\">\n\t\t\t\t<div class=\"dslc-separator dslc-separator-style-invisible\">\n\t\t\t\t\t\t\t\t\t<\/div>\n\t\t\t\t<div><\/div>\n\t\t\t<\/div><!-- .dslc-separator-wrapper -->\n\t\t\t\r\n\t\t\t\t<\/div><!-- .dslc-module -->\r\n\t\t\r\n\t\t<div id=\"dslc-module-53b465bcc63\" class=\"dslc-module-front dslc-module-DSLC_Text_Simple dslc-in-viewport-check dslc-in-viewport-anim-none  dslc-col dslc-12-col dslc-last-col  dslc-module-handle-like-regular \" data-module-id=\"53b465bcc63\" data-module=\"DSLC_Text_Simple\" data-dslc-module-size=\"12\" data-dslc-anim=\"none\" data-dslc-anim-delay=\"\" data-dslc-anim-duration=\"650\"  data-dslc-anim-easing=\"ease\" data-dslc-preset=\"none\" >\r\n\r\n\t\t\t\r\n\t\t\t\r\n\t\t\n\t\t<div class=\"dslc-text-module-content\">\n\t\t\t<h2><span style=\"color: #000000;\">Vais abrir uma<\/span><span style=\"color: #000000;\">\u00a0<\/span><span style=\"color: #ff0000;\">Imobili\u00e1ria <span style=\"color: #000000;\">?<\/span><\/span><\/h2><p><strong>Come\u00e7a o teu neg\u00f3cio sem erros<\/strong>.<\/p><p>Queremos ajudar-te desde o primeiro momento.<\/p><p><strong>Vamos falar?<\/strong><\/p>\t\t<\/div>\n\n\t\t\r\n\t\t\t\t<\/div><!-- .dslc-module -->\r\n\t\t\r\n\t\t<div id=\"dslc-module-572b3f242f1\" class=\"dslc-module-front dslc-module-DSLC_Button dslc-in-viewport-check dslc-in-viewport-anim-none  dslc-col dslc-12-col dslc-last-col  dslc-module-handle-like-regular \" data-module-id=\"572b3f242f1\" data-module=\"DSLC_Button\" data-dslc-module-size=\"12\" data-dslc-anim=\"none\" data-dslc-anim-delay=\"\" data-dslc-anim-duration=\"650\"  data-dslc-anim-easing=\"ease\" data-dslc-preset=\"none\" >\r\n\r\n\t\t\t\r\n\t\t\t\r\n\t\t\r\n\t\t\t<div class=\"dslc-button\">\r\n\t\t\t\t\t\t\t\t\t<a href=\"https:\/\/contaonline.pt\/imobiliaria\/proposta\/\" target=\"_self\"  onClick=\"\" class=\"\">\r\n\t\t\t\t\t\t\t\t\t\t\t\t\t\t\t\t\t\t\t\t\t<span class=\"dslc-icon dslc-icon-hand-pointer-o\"><\/span>\t\r\n\t\t\t\t\t\t\t\t\t\t\t\t\t\t\t\t\t\t\t\t\t\t\t\t\t\t<span>SOLICITAR PROPOSTA<\/span>\r\n\t\t\t\t\t\t\t\t\t\t\t\t\t\t\t\t\t<\/a>\r\n\t\t\t\t\t\t\t<\/div><!-- .dslc-button -->\r\n\r\n\r\n\t\t\t\t\t\t\r\n\t\t\t\t<\/div><!-- .dslc-module -->\r\n\t\t\r\n\t\t<div id=\"dslc-module-6e71fb83e2c\" class=\"dslc-module-front dslc-module-DSLC_Separator dslc-in-viewport-check dslc-in-viewport-anim-none  dslc-col dslc-12-col dslc-last-col dslc-hide-on-phone  dslc-module-handle-like-regular \" data-module-id=\"6e71fb83e2c\" data-module=\"DSLC_Separator\" data-dslc-module-size=\"12\" data-dslc-anim=\"none\" data-dslc-anim-delay=\"\" data-dslc-anim-duration=\"650\"  data-dslc-anim-easing=\"ease\" data-dslc-preset=\"none\" >\r\n\r\n\t\t\t\r\n\t\t\t\r\n\t\t\t\t\t<div class=\"dslc-separator-wrapper\">\n\t\t\t\t<div class=\"dslc-separator dslc-separator-style-invisible\">\n\t\t\t\t\t\t\t\t\t<\/div>\n\t\t\t\t<div><\/div>\n\t\t\t<\/div><!-- .dslc-separator-wrapper -->\n\t\t\t\r\n\t\t\t\t<\/div><!-- .dslc-module -->\r\n\t\t\r\n\t\t<div id=\"dslc-module-c5e12a500a3\" class=\"dslc-module-front dslc-module-DSLC_Text_Simple dslc-in-viewport-check dslc-in-viewport-anim-none  dslc-col dslc-12-col dslc-last-col  dslc-module-handle-like-regular \" data-module-id=\"c5e12a500a3\" data-module=\"DSLC_Text_Simple\" data-dslc-module-size=\"12\" data-dslc-anim=\"none\" data-dslc-anim-delay=\"\" data-dslc-anim-duration=\"650\"  data-dslc-anim-easing=\"ease\" data-dslc-preset=\"none\" >\r\n\r\n\t\t\t\r\n\t\t\t\r\n\t\t\n\t\t<div class=\"dslc-text-module-content\">\n\t\t\t<p>Artigos Recentes<\/p>\t\t<\/div>\n\n\t\t\r\n\t\t\t\t<\/div><!-- .dslc-module -->\r\n\t\t\r\n\t\t<div id=\"dslc-module-c79837ef781\" class=\"dslc-module-front dslc-module-DSLC_Widgets dslc-in-viewport-check dslc-in-viewport-anim-none  dslc-col dslc-12-col dslc-last-col dslc-hide-on-phone  dslc-module-handle-like-regular \" data-module-id=\"c79837ef781\" data-module=\"DSLC_Widgets\" data-dslc-module-size=\"12\" data-dslc-anim=\"none\" data-dslc-anim-delay=\"\" data-dslc-anim-duration=\"650\"  data-dslc-anim-easing=\"ease\" data-dslc-preset=\"none\" >\r\n\r\n\t\t\t\r\n\t\t\t\r\n\t\t\t\t\t<div class=\"dslc-widgets dslc-clearfix dslc-widgets-12-col\">\n\t\t\t\t<div class=\"dslc-widgets-wrap dslc-clearfix\">\n\t\t\t\t\t<div id=\"block-6\" class=\"dslc-widget dslc-col widget_block widget_recent_entries\"><div class=\"dslc-widget-wrap\"><ul class=\"wp-block-latest-posts__list wp-block-latest-posts\"><li><a class=\"wp-block-latest-posts__post-title\" href=\"https:\/\/contaonline.pt\/imobiliaria\/contrato-de-mediacao-imobiliaria-minuta\/\">Contrato de media\u00e7\u00e3o imobili\u00e1ria - minuta!<\/a><\/li>\n<li><a class=\"wp-block-latest-posts__post-title\" href=\"https:\/\/contaonline.pt\/imobiliaria\/manutencao-licenca-ami\/\">Manuten\u00e7\u00e3o Licen\u00e7a AMI<\/a><\/li>\n<li><a class=\"wp-block-latest-posts__post-title\" href=\"https:\/\/contaonline.pt\/imobiliaria\/licenca-ami\/\">Licen\u00e7a AMI<\/a><\/li>\n<li><a class=\"wp-block-latest-posts__post-title\" href=\"https:\/\/contaonline.pt\/imobiliaria\/o-franchising-imobiliario-como-modelo-de-negocio\/\">O franchising imobili\u00e1rio como modelo de neg\u00f3cio<\/a><\/li>\n<li><a class=\"wp-block-latest-posts__post-title\" href=\"https:\/\/contaonline.pt\/imobiliaria\/agente-imobiliario-o-que-faz\/\">Agente imobili\u00e1rio, o que faz?<\/a><\/li>\n<li><a class=\"wp-block-latest-posts__post-title\" href=\"https:\/\/contaonline.pt\/imobiliaria\/consultar-licenca-ami\/\">Consultar licen\u00e7a AMI<\/a><\/li>\n<li><a class=\"wp-block-latest-posts__post-title\" href=\"https:\/\/contaonline.pt\/imobiliaria\/sera-que-a-mediacao-imobiliaria-se-vai-manter-com-esta\/\">Ser\u00e1 que a media\u00e7\u00e3o imobili\u00e1ria se vai manter como est\u00e1?<\/a><\/li>\n<li><a class=\"wp-block-latest-posts__post-title\" href=\"https:\/\/contaonline.pt\/imobiliaria\/mediacao-imobiliaria-ao-rubro-em-2022\/\">Media\u00e7\u00e3o imobili\u00e1ria ao rubro em 2022<\/a><\/li>\n<\/ul><\/div><\/div>\t\t\t\t<\/div>\n\t\t\t<\/div>\n\t\t\r\n\t\t\t\t<\/div><!-- .dslc-module -->\r\n\t\t<\/div><\/div><\/div><\/div><input type=\"hidden\" id=\"dslca-post-data-thumb\" value=\"https:\/\/contaonline.pt\/imobiliaria\/wp-content\/uploads\/sites\/5\/2018\/06\/contabilidade-imobiliaria-contabilidade-online.jpg\" \/><div id=\"dslc-footer\" class=\"dslc-footer-pos-relative \" data-hf >\r\n\t\t\t<div  class=\"dslc-modules-section \" style=\"padding-top:20px;padding-bottom:20px;\" data-section-id=\"960276704a6\">\r\n\t\t\t\t<div class=\"dslc-bg-video dslc-force-show\"><div class=\"dslc-bg-video-overlay\" style=\"background-color:rgba(22,219,15,0.3); opacity:1; \"><\/div><\/div>\r\n\t\t\t\t\r\n\t\t\t\t<div class=\"dslc-modules-section-wrapper dslc-clearfix\"><div  class=\"dslc-modules-area dslc-col dslc-3-col dslc-first-col dslc-valign- \" data-size=\"3\" data-valign=\"\" data-modules-area-id=\"\" ><style type=\"text\/css\" id=\"dslca-modules-area-\"><\/style>\r\n\t\t<div id=\"dslc-module-83636a12d79\" class=\"dslc-module-front dslc-module-DSLC_Image dslc-in-viewport-check dslc-in-viewport-anim-none  dslc-col dslc-12-col dslc-last-col  dslc-module-handle-like-regular \" data-module-id=\"83636a12d79\" data-module=\"DSLC_Image\" data-dslc-module-size=\"12\" data-dslc-anim=\"none\" data-dslc-anim-delay=\"\" data-dslc-anim-duration=\"650\"  data-dslc-anim-easing=\"ease\" data-dslc-preset=\"none\" >\r\n\r\n\t\t\t\r\n\t\t\t\r\n\t\t\t\t<div class=\"dslc-image-container\">\r\n\t\t<div class=\"dslc-image\">\r\n\r\n\t\t\t\r\n\t\t\t\t\r\n\t\t\t\t\t\t\t\t\t<img src=\"https:\/\/contaonline.pt\/imobiliaria\/wp-content\/uploads\/sites\/5\/2022\/09\/Contabilidade-economia-verde-ContaOnline-4x3-1.png\" alt=\"\" title=\"\"   \/>\r\n\t\t\t\t\r\n\t\t\t\t\t\t\t\t\t<\/div><!-- .dslc-image -->\r\n\t\t<\/div>\r\n\t\t\r\n\t\t\t\t<\/div><!-- .dslc-module -->\r\n\t\t<\/div><div  class=\"dslc-modules-area dslc-col dslc-9-col dslc-last-col dslc-valign- \" data-size=\"9\" data-valign=\"\" data-modules-area-id=\"\" ><style type=\"text\/css\" id=\"dslca-modules-area-\"><\/style>\r\n\t\t<div id=\"dslc-module-ed0b750205b\" class=\"dslc-module-front dslc-module-DSLC_Separator dslc-in-viewport-check dslc-in-viewport-anim-none  dslc-col dslc-12-col dslc-last-col dslc-hide-on-tablet dslc-hide-on-phone  dslc-module-handle-like-regular \" data-module-id=\"ed0b750205b\" data-module=\"DSLC_Separator\" data-dslc-module-size=\"12\" data-dslc-anim=\"none\" data-dslc-anim-delay=\"\" data-dslc-anim-duration=\"650\"  data-dslc-anim-easing=\"ease\" data-dslc-preset=\"none\" >\r\n\r\n\t\t\t\r\n\t\t\t\r\n\t\t\t\t\t<div class=\"dslc-separator-wrapper\">\n\t\t\t\t<div class=\"dslc-separator dslc-separator-style-invisible\">\n\t\t\t\t\t\t\t\t\t<\/div>\n\t\t\t\t<div><\/div>\n\t\t\t<\/div><!-- .dslc-separator-wrapper -->\n\t\t\t\r\n\t\t\t\t<\/div><!-- .dslc-module -->\r\n\t\t\r\n\t\t<div id=\"dslc-module-422af38841e\" class=\"dslc-module-front dslc-module-DSLC_Text_Simple dslc-in-viewport-check dslc-in-viewport-anim-none  dslc-col dslc-12-col dslc-last-col  dslc-module-handle-like-regular \" data-module-id=\"422af38841e\" data-module=\"DSLC_Text_Simple\" data-dslc-module-size=\"12\" data-dslc-anim=\"none\" data-dslc-anim-delay=\"\" data-dslc-anim-duration=\"650\"  data-dslc-anim-easing=\"ease\" data-dslc-preset=\"none\" >\r\n\r\n\t\t\t\r\n\t\t\t\r\n\t\t\n\t\t<div class=\"dslc-text-module-content\">\n\t\t\t<h1 style=\"text-align: center;\">SOMOS VERDES<\/h1><p style=\"text-align: center;\">contabilidade sem papel, sem desloca\u00e7\u00f5es, amiga do ambiente<\/p>\t\t<\/div>\n\n\t\t\r\n\t\t\t\t<\/div><!-- .dslc-module -->\r\n\t\t<\/div><\/div><\/div>\r\n\t\t\t<div  class=\"dslc-modules-section \" style=\"\" data-section-id=\"6f46eec4e79\">\r\n\t\t\t\t<div class=\"dslc-bg-video dslc-force-show\"><div class=\"dslc-bg-video-overlay\" style=\"background-color:#000000; opacity:1; \"><\/div><\/div>\r\n\t\t\t\t\r\n\t\t\t\t<div class=\"dslc-modules-section-wrapper dslc-clearfix\"><div  class=\"dslc-modules-area dslc-col dslc-6-col dslc-first-col dslc-valign- \" data-size=\"6\" data-valign=\"\" data-modules-area-id=\"\" ><style type=\"text\/css\" id=\"dslca-modules-area-\"><\/style>\r\n\t\t<div id=\"dslc-module-c1cc620e22b\" class=\"dslc-module-front dslc-module-DSLC_Text_Simple dslc-in-viewport-check dslc-in-viewport-anim-none  dslc-col dslc-12-col dslc-last-col  dslc-module-handle-like-regular \" data-module-id=\"c1cc620e22b\" data-module=\"DSLC_Text_Simple\" data-dslc-module-size=\"12\" data-dslc-anim=\"none\" data-dslc-anim-delay=\"\" data-dslc-anim-duration=\"650\"  data-dslc-anim-easing=\"ease\" data-dslc-preset=\"none\" >\r\n\r\n\t\t\t\r\n\t\t\t\r\n\t\t\n\t\t<div class=\"dslc-text-module-content\">\n\t\t\t<p><strong>Conta<span style=\"color: #ff0000;\">Online<\/span><\/strong> - contabilidade digital para a tua Imobili\u00e1ria. Atendemos \u00e1 dist\u00e2ncia, 100% online, sem papel, sempre com um acompanhamento por contabilista certificado. Contamos com 20 anos ao servi\u00e7os das empresas de <strong>media\u00e7\u00e3o imobili\u00e1ria<\/strong>.<\/p>\t\t<\/div>\n\n\t\t\r\n\t\t\t\t<\/div><!-- .dslc-module -->\r\n\t\t\r\n\t\t<div id=\"dslc-module-3443e5c3078\" class=\"dslc-module-front dslc-module-DSLC_Social dslc-in-viewport-check dslc-in-viewport-anim-none  dslc-col dslc-12-col dslc-last-col  dslc-module-handle-like-regular \" data-module-id=\"3443e5c3078\" data-module=\"DSLC_Social\" data-dslc-module-size=\"12\" data-dslc-anim=\"none\" data-dslc-anim-delay=\"\" data-dslc-anim-duration=\"650\"  data-dslc-anim-easing=\"ease\" data-dslc-preset=\"none\" >\r\n\r\n\t\t\t\r\n\t\t\t\r\n\t\t\t\t\t<div class=\"dslc-social-wrap\">\n\n\t\t\t\t<ul class=\"dslc-social\">\n\t\t\t\t\t\t\t\t\t\t\t<li>\n\t\t\t\t\t\t\t\t<a class=\"dslc-social-icon\" target=\"_blank\" href=\"https:\/\/www.facebook.com\/ContaOnlin\/\" ><span class=\"dslc-icon dslc-icon-facebook\"><\/span><\/a>\n\t\t\t\t\t\t\t\t\t\t\t\t\t\t\t<\/li>\n\t\t\t\t\t\t\t\t\t\t\t\t\t\t<li>\n\t\t\t\t\t\t\t\t<a class=\"dslc-social-icon\" target=\"_blank\" href=\"https:\/\/pt.linkedin.com\/company\/contaonline\" ><span class=\"dslc-icon dslc-icon-linkedin\"><\/span><\/a>\n\t\t\t\t\t\t\t\t\t\t\t\t\t\t\t<\/li>\n\t\t\t\t\t\t\t\t\t\t\t\t\t\t<li>\n\t\t\t\t\t\t\t\t<a class=\"dslc-social-icon\" target=\"_blank\" href=\"https:\/\/www.instagram.com\/contaonline.pt\/\" ><span class=\"dslc-icon dslc-icon-instagram\"><\/span><\/a>\n\t\t\t\t\t\t\t\t\t\t\t\t\t\t\t<\/li>\n\t\t\t\t\t\t\t\t\t\t\t<\/ul>\n\n\t\t\t<\/div><!-- .dslc-social-wrap -->\n\n\t\t\t\r\n\t\t\t\t<\/div><!-- .dslc-module -->\r\n\t\t<\/div><div  class=\"dslc-modules-area dslc-col dslc-3-col  dslc-valign- \" data-size=\"3\" data-valign=\"\" data-modules-area-id=\"\" ><style type=\"text\/css\" id=\"dslca-modules-area-\"><\/style>\r\n\t\t<div id=\"dslc-module-0de77331b10\" class=\"dslc-module-front dslc-module-DSLC_Image dslc-in-viewport-check dslc-in-viewport-anim-none  dslc-col dslc-12-col dslc-last-col  dslc-module-handle-like-regular \" data-module-id=\"0de77331b10\" data-module=\"DSLC_Image\" data-dslc-module-size=\"12\" data-dslc-anim=\"none\" data-dslc-anim-delay=\"\" data-dslc-anim-duration=\"650\"  data-dslc-anim-easing=\"ease\" data-dslc-preset=\"none\" >\r\n\r\n\t\t\t\r\n\t\t\t\r\n\t\t\t\t<div class=\"dslc-image-container\">\r\n\t\t<div class=\"dslc-image\">\r\n\r\n\t\t\t\r\n\t\t\t\t\r\n\t\t\t\t\t\t\t\t\t<img src=\"https:\/\/contaonline.pt\/imobiliaria\/wp-content\/uploads\/sites\/5\/2021\/04\/ContaOnline_20_anos_de_experiencia2.png\" alt=\"\" title=\"\"   \/>\r\n\t\t\t\t\r\n\t\t\t\t\t\t\t\t\t<\/div><!-- .dslc-image -->\r\n\t\t<\/div>\r\n\t\t\r\n\t\t\t\t<\/div><!-- .dslc-module -->\r\n\t\t<\/div><div  class=\"dslc-modules-area dslc-col dslc-3-col dslc-last-col dslc-valign- \" data-size=\"3\" data-valign=\"\" data-modules-area-id=\"\" ><style type=\"text\/css\" id=\"dslca-modules-area-\"><\/style>\r\n\t\t<div id=\"dslc-module-2404cc82d80\" class=\"dslc-module-front dslc-module-DSLC_Widgets dslc-in-viewport-check dslc-in-viewport-anim-none  dslc-col dslc-12-col dslc-last-col  dslc-module-handle-like-regular \" data-module-id=\"2404cc82d80\" data-module=\"DSLC_Widgets\" data-dslc-module-size=\"12\" data-dslc-anim=\"none\" data-dslc-anim-delay=\"\" data-dslc-anim-duration=\"650\"  data-dslc-anim-easing=\"ease\" data-dslc-preset=\"none\" >\r\n\r\n\t\t\t\r\n\t\t\t\r\n\t\t\t\t\t<div class=\"dslc-widgets dslc-clearfix dslc-widgets-12-col\">\n\t\t\t\t<div class=\"dslc-widgets-wrap dslc-clearfix\">\n\t\t\t\t\t<div id=\"nav_menu-2\" class=\"dslc-widget dslc-col widget_nav_menu\"><div class=\"dslc-widget-wrap\"><div class=\"menu-menu-footer-container\"><ul id=\"menu-menu-footer\" class=\"menu\"><li id=\"menu-item-708\" class=\"menu-item menu-item-type-post_type menu-item-object-page menu-item-708\"><a href=\"https:\/\/contaonline.pt\/imobiliaria\/abrir-imobiliaria\/\">Abrir Imobili\u00e1ria<\/a><\/li>\n<li id=\"menu-item-707\" class=\"menu-item menu-item-type-post_type menu-item-object-page menu-item-707\"><a href=\"https:\/\/contaonline.pt\/imobiliaria\/mudar-contabilidade-digital\/\">Mudar<\/a><\/li>\n<li id=\"menu-item-1022\" class=\"menu-item menu-item-type-post_type menu-item-object-page menu-item-1022\"><a href=\"https:\/\/contaonline.pt\/imobiliaria\/preco-de-contabilidade-para-imobiliarias\/\">Planos de Contabilidade<\/a><\/li>\n<li id=\"menu-item-706\" class=\"menu-item menu-item-type-post_type menu-item-object-page menu-item-706\"><a href=\"https:\/\/contaonline.pt\/imobiliaria\/artigos-abrir-imobiliaria-contaonline-contabilidade\/\">Blog<\/a><\/li>\n<li id=\"menu-item-704\" class=\"menu-item menu-item-type-post_type menu-item-object-page menu-item-704\"><a href=\"https:\/\/contaonline.pt\/imobiliaria\/recrutamento\/\">Recrutamento<\/a><\/li>\n<li id=\"menu-item-705\" class=\"menu-item menu-item-type-post_type menu-item-object-page menu-item-705\"><a href=\"https:\/\/contaonline.pt\/imobiliaria\/contato\/\">Contato<\/a><\/li>\n<\/ul><\/div><\/div><\/div>\t\t\t\t<\/div>\n\t\t\t<\/div>\n\t\t\r\n\t\t\t\t<\/div><!-- .dslc-module -->\r\n\t\t<\/div><\/div><\/div>\r\n\t\t\t<div  class=\"dslc-modules-section \" style=\"padding-top:15px;padding-bottom:15px;border-color:rgba(0,0,0,0);border-right-style: hidden; border-bottom-style: hidden; border-left-style: hidden; \" data-section-id=\"5a558808aab\">\r\n\t\t\t\t<div class=\"dslc-bg-video dslc-force-show\"><div class=\"dslc-bg-video-overlay\" style=\"background-color:#000000; opacity:0.8; \"><\/div><\/div>\r\n\t\t\t\t\r\n\t\t\t\t<div class=\"dslc-modules-section-wrapper dslc-clearfix\"><div  class=\"dslc-modules-area dslc-col dslc-12-col dslc-last-col dslc-valign- \" data-size=\"12\" data-valign=\"\" data-modules-area-id=\"\" ><style type=\"text\/css\" id=\"dslca-modules-area-\"><\/style>\r\n\t\t<div id=\"dslc-module-45d4f143225\" class=\"dslc-module-front dslc-module-DSLC_Text_Simple dslc-in-viewport-check dslc-in-viewport-anim-none  dslc-col dslc-12-col dslc-last-col  dslc-module-handle-like-regular \" data-module-id=\"45d4f143225\" data-module=\"DSLC_Text_Simple\" data-dslc-module-size=\"12\" data-dslc-anim=\"none\" data-dslc-anim-delay=\"\" data-dslc-anim-duration=\"650\"  data-dslc-anim-easing=\"ease\" data-dslc-preset=\"none\" >\r\n\r\n\t\t\t\r\n\t\t\t\r\n\t\t\n\t\t<div class=\"dslc-text-module-content\">\n\t\t\t<p>\u00a9 ContaOnline | Todos os direitos reservados<\/p><p><a href=\"https:\/\/contaonline.pt\/privacidade-cookies\/\" target=\"_blank\" rel=\"noopener\">Privacidade<\/a>\u00a0 |\u00a0 <a href=\"https:\/\/contaonline.pt\/arbitragem-conflitos\/\" target=\"_blank\" rel=\"noopener\">Centro Arbitragem<\/a><\/p>\t\t<\/div>\n\n\t\t\r\n\t\t\t\t<\/div><!-- .dslc-module -->\r\n\t\t<\/div><\/div><\/div><\/div><\/div>","protected":false},"excerpt":{"rendered":"<p>In\u00edcio Abrir Imobili\u00e1ria Mudar Blog Recrutamento Contato - Select -In\u00edcioAbrir Imobili\u00e1riaMudarBlogRecrutamentoContato Quais os custos da obten\u00e7\u00e3o de uma licen\u00e7a AMI para media\u00e7\u00e3o imobili\u00e1ria? 15 Junho, 2018 Abrir imobili\u00e1ria, Licen\u00e7a AMI Est\u00e1 na fase do licenciamento AMI? Saiba que pode faz\u00ea-lo Online ou da forma tradicional. O processo de atribui\u00e7\u00e3o s\u00f3 ficar\u00e1 completo depois de pagar [&hellip;]<\/p>\n","protected":false},"author":1,"featured_media":129,"comment_status":"open","ping_status":"open","sticky":false,"template":"","format":"standard","meta":{"footnotes":""},"categories":[44,43],"tags":[17,7],"class_list":["post-128","post","type-post","status-publish","format-standard","has-post-thumbnail","hentry","category-abrir-imobiliaria","category-licenca-ami","tag-ami","tag-licenciamento"],"yoast_head":"<!-- This site is optimized with the Yoast SEO plugin v27.5 - https:\/\/yoast.com\/product\/yoast-seo-wordpress\/ -->\n<title>LICEN\u00c7A AMI PRE\u00c7O - Quanto custa a licen\u00e7a para a media\u00e7\u00e3o imobili\u00e1ria?<\/title>\n<meta name=\"description\" content=\"Quanto custa uma licen\u00e7a AMI? N\u00e3o esque\u00e7a, \u00e9 um custo anual. Veja aqui quanto lhe vai custar a licenciamento da sua atividade de media\u00e7\u00e3o imobili\u00e1ria.\" \/>\n<meta name=\"robots\" content=\"index, follow, max-snippet:-1, max-image-preview:large, max-video-preview:-1\" \/>\n<link rel=\"canonical\" href=\"https:\/\/contaonline.pt\/imobiliaria\/licenca-ami-preco-mediacao-imobiliaria\/\" \/>\n<meta property=\"og:locale\" content=\"pt_PT\" \/>\n<meta property=\"og:type\" content=\"article\" \/>\n<meta property=\"og:title\" content=\"LICEN\u00c7A AMI PRE\u00c7O - Quanto custa a licen\u00e7a para a media\u00e7\u00e3o imobili\u00e1ria?\" \/>\n<meta property=\"og:description\" content=\"Quanto custa uma licen\u00e7a AMI? N\u00e3o esque\u00e7a, \u00e9 um custo anual. Veja aqui quanto lhe vai custar a licenciamento da sua atividade de media\u00e7\u00e3o imobili\u00e1ria.\" \/>\n<meta property=\"og:url\" content=\"https:\/\/contaonline.pt\/imobiliaria\/licenca-ami-preco-mediacao-imobiliaria\/\" \/>\n<meta property=\"og:site_name\" content=\"Contabilidade Imobiliarias\" \/>\n<meta property=\"article:published_time\" content=\"2018-06-15T11:05:51+00:00\" \/>\n<meta property=\"article:modified_time\" content=\"2022-12-05T16:25:36+00:00\" \/>\n<meta property=\"og:image\" content=\"https:\/\/contaonline.pt\/imobiliaria\/wp-content\/uploads\/sites\/5\/2018\/06\/contabilidade-imobiliaria-contabilidade-online.jpg\" \/>\n\t<meta property=\"og:image:width\" content=\"1920\" \/>\n\t<meta property=\"og:image:height\" content=\"1280\" \/>\n\t<meta property=\"og:image:type\" content=\"image\/jpeg\" \/>\n<meta name=\"author\" content=\"Amilcar Lopes\" \/>\n<meta name=\"twitter:card\" content=\"summary_large_image\" \/>\n<meta name=\"twitter:label1\" content=\"Escrito por\" \/>\n\t<meta name=\"twitter:data1\" content=\"Amilcar Lopes\" \/>\n\t<meta name=\"twitter:label2\" content=\"Tempo estimado de leitura\" \/>\n\t<meta name=\"twitter:data2\" content=\"1 minuto\" \/>\n<script type=\"application\/ld+json\" class=\"yoast-schema-graph\">{\"@context\":\"https:\\\/\\\/schema.org\",\"@graph\":[{\"@type\":\"Article\",\"@id\":\"https:\\\/\\\/contaonline.pt\\\/imobiliaria\\\/licenca-ami-preco-mediacao-imobiliaria\\\/#article\",\"isPartOf\":{\"@id\":\"https:\\\/\\\/contaonline.pt\\\/imobiliaria\\\/licenca-ami-preco-mediacao-imobiliaria\\\/\"},\"author\":{\"name\":\"Amilcar Lopes\",\"@id\":\"https:\\\/\\\/contaonline.pt\\\/imobiliaria\\\/#\\\/schema\\\/person\\\/bab2ae8462a333e9189dba2eb4851c9d\"},\"headline\":\"Quais os custos da obten\u00e7\u00e3o de uma licen\u00e7a AMI para media\u00e7\u00e3o imobili\u00e1ria?\",\"datePublished\":\"2018-06-15T11:05:51+00:00\",\"dateModified\":\"2022-12-05T16:25:36+00:00\",\"mainEntityOfPage\":{\"@id\":\"https:\\\/\\\/contaonline.pt\\\/imobiliaria\\\/licenca-ami-preco-mediacao-imobiliaria\\\/\"},\"wordCount\":286,\"commentCount\":4,\"publisher\":{\"@id\":\"https:\\\/\\\/contaonline.pt\\\/imobiliaria\\\/#organization\"},\"image\":{\"@id\":\"https:\\\/\\\/contaonline.pt\\\/imobiliaria\\\/licenca-ami-preco-mediacao-imobiliaria\\\/#primaryimage\"},\"thumbnailUrl\":\"https:\\\/\\\/contaonline.pt\\\/imobiliaria\\\/wp-content\\\/uploads\\\/sites\\\/5\\\/2018\\\/06\\\/contabilidade-imobiliaria-contabilidade-online.jpg\",\"keywords\":[\"AMI\",\"Licenciamento\"],\"articleSection\":[\"Abrir imobili\u00e1ria\",\"Licen\u00e7a AMI\"],\"inLanguage\":\"pt-PT\",\"potentialAction\":[{\"@type\":\"CommentAction\",\"name\":\"Comment\",\"target\":[\"https:\\\/\\\/contaonline.pt\\\/imobiliaria\\\/licenca-ami-preco-mediacao-imobiliaria\\\/#respond\"]}]},{\"@type\":\"WebPage\",\"@id\":\"https:\\\/\\\/contaonline.pt\\\/imobiliaria\\\/licenca-ami-preco-mediacao-imobiliaria\\\/\",\"url\":\"https:\\\/\\\/contaonline.pt\\\/imobiliaria\\\/licenca-ami-preco-mediacao-imobiliaria\\\/\",\"name\":\"LICEN\u00c7A AMI PRE\u00c7O - Quanto custa a licen\u00e7a para a media\u00e7\u00e3o imobili\u00e1ria?\",\"isPartOf\":{\"@id\":\"https:\\\/\\\/contaonline.pt\\\/imobiliaria\\\/#website\"},\"primaryImageOfPage\":{\"@id\":\"https:\\\/\\\/contaonline.pt\\\/imobiliaria\\\/licenca-ami-preco-mediacao-imobiliaria\\\/#primaryimage\"},\"image\":{\"@id\":\"https:\\\/\\\/contaonline.pt\\\/imobiliaria\\\/licenca-ami-preco-mediacao-imobiliaria\\\/#primaryimage\"},\"thumbnailUrl\":\"https:\\\/\\\/contaonline.pt\\\/imobiliaria\\\/wp-content\\\/uploads\\\/sites\\\/5\\\/2018\\\/06\\\/contabilidade-imobiliaria-contabilidade-online.jpg\",\"datePublished\":\"2018-06-15T11:05:51+00:00\",\"dateModified\":\"2022-12-05T16:25:36+00:00\",\"description\":\"Quanto custa uma licen\u00e7a AMI? N\u00e3o esque\u00e7a, \u00e9 um custo anual. Veja aqui quanto lhe vai custar a licenciamento da sua atividade de media\u00e7\u00e3o imobili\u00e1ria.\",\"breadcrumb\":{\"@id\":\"https:\\\/\\\/contaonline.pt\\\/imobiliaria\\\/licenca-ami-preco-mediacao-imobiliaria\\\/#breadcrumb\"},\"inLanguage\":\"pt-PT\",\"potentialAction\":[{\"@type\":\"ReadAction\",\"target\":[\"https:\\\/\\\/contaonline.pt\\\/imobiliaria\\\/licenca-ami-preco-mediacao-imobiliaria\\\/\"]}]},{\"@type\":\"ImageObject\",\"inLanguage\":\"pt-PT\",\"@id\":\"https:\\\/\\\/contaonline.pt\\\/imobiliaria\\\/licenca-ami-preco-mediacao-imobiliaria\\\/#primaryimage\",\"url\":\"https:\\\/\\\/contaonline.pt\\\/imobiliaria\\\/wp-content\\\/uploads\\\/sites\\\/5\\\/2018\\\/06\\\/contabilidade-imobiliaria-contabilidade-online.jpg\",\"contentUrl\":\"https:\\\/\\\/contaonline.pt\\\/imobiliaria\\\/wp-content\\\/uploads\\\/sites\\\/5\\\/2018\\\/06\\\/contabilidade-imobiliaria-contabilidade-online.jpg\",\"width\":1920,\"height\":1280},{\"@type\":\"BreadcrumbList\",\"@id\":\"https:\\\/\\\/contaonline.pt\\\/imobiliaria\\\/licenca-ami-preco-mediacao-imobiliaria\\\/#breadcrumb\",\"itemListElement\":[{\"@type\":\"ListItem\",\"position\":1,\"name\":\"In\u00edcio\",\"item\":\"https:\\\/\\\/contaonline.pt\\\/imobiliaria\\\/\"},{\"@type\":\"ListItem\",\"position\":2,\"name\":\"Quais os custos da obten\u00e7\u00e3o de uma licen\u00e7a AMI para media\u00e7\u00e3o imobili\u00e1ria?\"}]},{\"@type\":\"WebSite\",\"@id\":\"https:\\\/\\\/contaonline.pt\\\/imobiliaria\\\/#website\",\"url\":\"https:\\\/\\\/contaonline.pt\\\/imobiliaria\\\/\",\"name\":\"Contabilidade para Imobili\u00e1rias 100% OnLine\",\"description\":\"Contabilidade para Imobili\u00e1ria, para te ajudar na abertura e gest\u00e3o da tua empresa de media\u00e7\u00e3o imobili\u00e1ria. FALA connosco AGORA\",\"publisher\":{\"@id\":\"https:\\\/\\\/contaonline.pt\\\/imobiliaria\\\/#organization\"},\"potentialAction\":[{\"@type\":\"SearchAction\",\"target\":{\"@type\":\"EntryPoint\",\"urlTemplate\":\"https:\\\/\\\/contaonline.pt\\\/imobiliaria\\\/?s={search_term_string}\"},\"query-input\":{\"@type\":\"PropertyValueSpecification\",\"valueRequired\":true,\"valueName\":\"search_term_string\"}}],\"inLanguage\":\"pt-PT\"},{\"@type\":\"Organization\",\"@id\":\"https:\\\/\\\/contaonline.pt\\\/imobiliaria\\\/#organization\",\"name\":\"Contaonline - Contabilidade Online para Imobili\u00e1rias\",\"url\":\"https:\\\/\\\/contaonline.pt\\\/imobiliaria\\\/\",\"logo\":{\"@type\":\"ImageObject\",\"inLanguage\":\"pt-PT\",\"@id\":\"https:\\\/\\\/contaonline.pt\\\/imobiliaria\\\/#\\\/schema\\\/logo\\\/image\\\/\",\"url\":\"https:\\\/\\\/contaonline.pt\\\/imobiliaria\\\/wp-content\\\/uploads\\\/sites\\\/5\\\/2018\\\/06\\\/logo_contaonline.png\",\"contentUrl\":\"https:\\\/\\\/contaonline.pt\\\/imobiliaria\\\/wp-content\\\/uploads\\\/sites\\\/5\\\/2018\\\/06\\\/logo_contaonline.png\",\"width\":246,\"height\":57,\"caption\":\"Contaonline - Contabilidade Online para Imobili\u00e1rias\"},\"image\":{\"@id\":\"https:\\\/\\\/contaonline.pt\\\/imobiliaria\\\/#\\\/schema\\\/logo\\\/image\\\/\"}},{\"@type\":\"Person\",\"@id\":\"https:\\\/\\\/contaonline.pt\\\/imobiliaria\\\/#\\\/schema\\\/person\\\/bab2ae8462a333e9189dba2eb4851c9d\",\"name\":\"Amilcar Lopes\",\"image\":{\"@type\":\"ImageObject\",\"inLanguage\":\"pt-PT\",\"@id\":\"https:\\\/\\\/secure.gravatar.com\\\/avatar\\\/7359f53581357b7e0bf9bc334403f6ca?s=96&d=mm&r=g\",\"url\":\"https:\\\/\\\/secure.gravatar.com\\\/avatar\\\/7359f53581357b7e0bf9bc334403f6ca?s=96&d=mm&r=g\",\"contentUrl\":\"https:\\\/\\\/secure.gravatar.com\\\/avatar\\\/7359f53581357b7e0bf9bc334403f6ca?s=96&d=mm&r=g\",\"caption\":\"Amilcar Lopes\"},\"description\":\"Sou consultor e contabilista certificado. A minha atividade profissional tem sido realizada no mundo das empresas e no imobili\u00e1rio: 30 anos em promo\u00e7\u00e3o, constru\u00e7\u00e3o e media\u00e7\u00e3o imobili\u00e1ria, 20 anos em contabilidade e gest\u00e3o.\"}]}<\/script>\n<!-- \/ Yoast SEO plugin. -->","yoast_head_json":{"title":"LICEN\u00c7A AMI PRE\u00c7O - Quanto custa a licen\u00e7a para a media\u00e7\u00e3o imobili\u00e1ria?","description":"Quanto custa uma licen\u00e7a AMI? N\u00e3o esque\u00e7a, \u00e9 um custo anual. Veja aqui quanto lhe vai custar a licenciamento da sua atividade de media\u00e7\u00e3o imobili\u00e1ria.","robots":{"index":"index","follow":"follow","max-snippet":"max-snippet:-1","max-image-preview":"max-image-preview:large","max-video-preview":"max-video-preview:-1"},"canonical":"https:\/\/contaonline.pt\/imobiliaria\/licenca-ami-preco-mediacao-imobiliaria\/","og_locale":"pt_PT","og_type":"article","og_title":"LICEN\u00c7A AMI PRE\u00c7O - Quanto custa a licen\u00e7a para a media\u00e7\u00e3o imobili\u00e1ria?","og_description":"Quanto custa uma licen\u00e7a AMI? N\u00e3o esque\u00e7a, \u00e9 um custo anual. Veja aqui quanto lhe vai custar a licenciamento da sua atividade de media\u00e7\u00e3o imobili\u00e1ria.","og_url":"https:\/\/contaonline.pt\/imobiliaria\/licenca-ami-preco-mediacao-imobiliaria\/","og_site_name":"Contabilidade Imobiliarias","article_published_time":"2018-06-15T11:05:51+00:00","article_modified_time":"2022-12-05T16:25:36+00:00","og_image":[{"width":1920,"height":1280,"url":"https:\/\/contaonline.pt\/imobiliaria\/wp-content\/uploads\/sites\/5\/2018\/06\/contabilidade-imobiliaria-contabilidade-online.jpg","type":"image\/jpeg"}],"author":"Amilcar Lopes","twitter_card":"summary_large_image","twitter_misc":{"Escrito por":"Amilcar Lopes","Tempo estimado de leitura":"1 minuto"},"schema":{"@context":"https:\/\/schema.org","@graph":[{"@type":"Article","@id":"https:\/\/contaonline.pt\/imobiliaria\/licenca-ami-preco-mediacao-imobiliaria\/#article","isPartOf":{"@id":"https:\/\/contaonline.pt\/imobiliaria\/licenca-ami-preco-mediacao-imobiliaria\/"},"author":{"name":"Amilcar Lopes","@id":"https:\/\/contaonline.pt\/imobiliaria\/#\/schema\/person\/bab2ae8462a333e9189dba2eb4851c9d"},"headline":"Quais os custos da obten\u00e7\u00e3o de uma licen\u00e7a AMI para media\u00e7\u00e3o imobili\u00e1ria?","datePublished":"2018-06-15T11:05:51+00:00","dateModified":"2022-12-05T16:25:36+00:00","mainEntityOfPage":{"@id":"https:\/\/contaonline.pt\/imobiliaria\/licenca-ami-preco-mediacao-imobiliaria\/"},"wordCount":286,"commentCount":4,"publisher":{"@id":"https:\/\/contaonline.pt\/imobiliaria\/#organization"},"image":{"@id":"https:\/\/contaonline.pt\/imobiliaria\/licenca-ami-preco-mediacao-imobiliaria\/#primaryimage"},"thumbnailUrl":"https:\/\/contaonline.pt\/imobiliaria\/wp-content\/uploads\/sites\/5\/2018\/06\/contabilidade-imobiliaria-contabilidade-online.jpg","keywords":["AMI","Licenciamento"],"articleSection":["Abrir imobili\u00e1ria","Licen\u00e7a AMI"],"inLanguage":"pt-PT","potentialAction":[{"@type":"CommentAction","name":"Comment","target":["https:\/\/contaonline.pt\/imobiliaria\/licenca-ami-preco-mediacao-imobiliaria\/#respond"]}]},{"@type":"WebPage","@id":"https:\/\/contaonline.pt\/imobiliaria\/licenca-ami-preco-mediacao-imobiliaria\/","url":"https:\/\/contaonline.pt\/imobiliaria\/licenca-ami-preco-mediacao-imobiliaria\/","name":"LICEN\u00c7A AMI PRE\u00c7O - Quanto custa a licen\u00e7a para a media\u00e7\u00e3o imobili\u00e1ria?","isPartOf":{"@id":"https:\/\/contaonline.pt\/imobiliaria\/#website"},"primaryImageOfPage":{"@id":"https:\/\/contaonline.pt\/imobiliaria\/licenca-ami-preco-mediacao-imobiliaria\/#primaryimage"},"image":{"@id":"https:\/\/contaonline.pt\/imobiliaria\/licenca-ami-preco-mediacao-imobiliaria\/#primaryimage"},"thumbnailUrl":"https:\/\/contaonline.pt\/imobiliaria\/wp-content\/uploads\/sites\/5\/2018\/06\/contabilidade-imobiliaria-contabilidade-online.jpg","datePublished":"2018-06-15T11:05:51+00:00","dateModified":"2022-12-05T16:25:36+00:00","description":"Quanto custa uma licen\u00e7a AMI? N\u00e3o esque\u00e7a, \u00e9 um custo anual. Veja aqui quanto lhe vai custar a licenciamento da sua atividade de media\u00e7\u00e3o imobili\u00e1ria.","breadcrumb":{"@id":"https:\/\/contaonline.pt\/imobiliaria\/licenca-ami-preco-mediacao-imobiliaria\/#breadcrumb"},"inLanguage":"pt-PT","potentialAction":[{"@type":"ReadAction","target":["https:\/\/contaonline.pt\/imobiliaria\/licenca-ami-preco-mediacao-imobiliaria\/"]}]},{"@type":"ImageObject","inLanguage":"pt-PT","@id":"https:\/\/contaonline.pt\/imobiliaria\/licenca-ami-preco-mediacao-imobiliaria\/#primaryimage","url":"https:\/\/contaonline.pt\/imobiliaria\/wp-content\/uploads\/sites\/5\/2018\/06\/contabilidade-imobiliaria-contabilidade-online.jpg","contentUrl":"https:\/\/contaonline.pt\/imobiliaria\/wp-content\/uploads\/sites\/5\/2018\/06\/contabilidade-imobiliaria-contabilidade-online.jpg","width":1920,"height":1280},{"@type":"BreadcrumbList","@id":"https:\/\/contaonline.pt\/imobiliaria\/licenca-ami-preco-mediacao-imobiliaria\/#breadcrumb","itemListElement":[{"@type":"ListItem","position":1,"name":"In\u00edcio","item":"https:\/\/contaonline.pt\/imobiliaria\/"},{"@type":"ListItem","position":2,"name":"Quais os custos da obten\u00e7\u00e3o de uma licen\u00e7a AMI para media\u00e7\u00e3o imobili\u00e1ria?"}]},{"@type":"WebSite","@id":"https:\/\/contaonline.pt\/imobiliaria\/#website","url":"https:\/\/contaonline.pt\/imobiliaria\/","name":"Contabilidade para Imobili\u00e1rias 100% OnLine","description":"Contabilidade para Imobili\u00e1ria, para te ajudar na abertura e gest\u00e3o da tua empresa de media\u00e7\u00e3o imobili\u00e1ria. FALA connosco AGORA","publisher":{"@id":"https:\/\/contaonline.pt\/imobiliaria\/#organization"},"potentialAction":[{"@type":"SearchAction","target":{"@type":"EntryPoint","urlTemplate":"https:\/\/contaonline.pt\/imobiliaria\/?s={search_term_string}"},"query-input":{"@type":"PropertyValueSpecification","valueRequired":true,"valueName":"search_term_string"}}],"inLanguage":"pt-PT"},{"@type":"Organization","@id":"https:\/\/contaonline.pt\/imobiliaria\/#organization","name":"Contaonline - Contabilidade Online para Imobili\u00e1rias","url":"https:\/\/contaonline.pt\/imobiliaria\/","logo":{"@type":"ImageObject","inLanguage":"pt-PT","@id":"https:\/\/contaonline.pt\/imobiliaria\/#\/schema\/logo\/image\/","url":"https:\/\/contaonline.pt\/imobiliaria\/wp-content\/uploads\/sites\/5\/2018\/06\/logo_contaonline.png","contentUrl":"https:\/\/contaonline.pt\/imobiliaria\/wp-content\/uploads\/sites\/5\/2018\/06\/logo_contaonline.png","width":246,"height":57,"caption":"Contaonline - Contabilidade Online para Imobili\u00e1rias"},"image":{"@id":"https:\/\/contaonline.pt\/imobiliaria\/#\/schema\/logo\/image\/"}},{"@type":"Person","@id":"https:\/\/contaonline.pt\/imobiliaria\/#\/schema\/person\/bab2ae8462a333e9189dba2eb4851c9d","name":"Amilcar Lopes","image":{"@type":"ImageObject","inLanguage":"pt-PT","@id":"https:\/\/secure.gravatar.com\/avatar\/7359f53581357b7e0bf9bc334403f6ca?s=96&d=mm&r=g","url":"https:\/\/secure.gravatar.com\/avatar\/7359f53581357b7e0bf9bc334403f6ca?s=96&d=mm&r=g","contentUrl":"https:\/\/secure.gravatar.com\/avatar\/7359f53581357b7e0bf9bc334403f6ca?s=96&d=mm&r=g","caption":"Amilcar Lopes"},"description":"Sou consultor e contabilista certificado. A minha atividade profissional tem sido realizada no mundo das empresas e no imobili\u00e1rio: 30 anos em promo\u00e7\u00e3o, constru\u00e7\u00e3o e media\u00e7\u00e3o imobili\u00e1ria, 20 anos em contabilidade e gest\u00e3o."}]}},"_links":{"self":[{"href":"https:\/\/contaonline.pt\/imobiliaria\/wp-json\/wp\/v2\/posts\/128","targetHints":{"allow":["GET"]}}],"collection":[{"href":"https:\/\/contaonline.pt\/imobiliaria\/wp-json\/wp\/v2\/posts"}],"about":[{"href":"https:\/\/contaonline.pt\/imobiliaria\/wp-json\/wp\/v2\/types\/post"}],"author":[{"embeddable":true,"href":"https:\/\/contaonline.pt\/imobiliaria\/wp-json\/wp\/v2\/users\/1"}],"replies":[{"embeddable":true,"href":"https:\/\/contaonline.pt\/imobiliaria\/wp-json\/wp\/v2\/comments?post=128"}],"version-history":[{"count":4,"href":"https:\/\/contaonline.pt\/imobiliaria\/wp-json\/wp\/v2\/posts\/128\/revisions"}],"predecessor-version":[{"id":133,"href":"https:\/\/contaonline.pt\/imobiliaria\/wp-json\/wp\/v2\/posts\/128\/revisions\/133"}],"wp:featuredmedia":[{"embeddable":true,"href":"https:\/\/contaonline.pt\/imobiliaria\/wp-json\/wp\/v2\/media\/129"}],"wp:attachment":[{"href":"https:\/\/contaonline.pt\/imobiliaria\/wp-json\/wp\/v2\/media?parent=128"}],"wp:term":[{"taxonomy":"category","embeddable":true,"href":"https:\/\/contaonline.pt\/imobiliaria\/wp-json\/wp\/v2\/categories?post=128"},{"taxonomy":"post_tag","embeddable":true,"href":"https:\/\/contaonline.pt\/imobiliaria\/wp-json\/wp\/v2\/tags?post=128"}],"curies":[{"name":"wp","href":"https:\/\/api.w.org\/{rel}","templated":true}]}}